{"id":2438609,"date":"2019-01-22T16:14:46","date_gmt":"2019-01-22T19:14:46","guid":{"rendered":"https:\/\/www.dicaspetz.com.br\/blog\/?p=2438609"},"modified":"2025-11-26T23:50:43","modified_gmt":"2025-11-27T02:50:43","slug":"como-cuidar-de-cachorro-no-verao-confira-10-dicas","status":"publish","type":"post","link":"https:\/\/www.petz.com.br\/blog\/como-cuidar-de-cachorro-no-verao-confira-10-dicas\/","title":{"rendered":"Como cuidar de cachorro no ver\u00e3o? Confira 10 dicas"},"content":{"rendered":"<p><span style=\"font-weight: 400;\">O ver\u00e3o \u00e9 uma das esta\u00e7\u00f5es mais aguardadas do ano. Combina, deliciosamente, praia, piscina, f\u00e9rias escolares, viagens e festas de fim de ano. Mas, como nem tudo s\u00e3o flores, o per\u00edodo tamb\u00e9m vem com desvantagens, inclusive para nossos pets e quem n\u00e3o sabe <strong>como cuidar de cachorro<\/strong> nessa \u00e9poca. \u00c9 o caso do aumento da prolifera\u00e7\u00e3o de mosquitos, das fortes chuvas e do calor&#8230; muito calor!<\/span><\/p>\n<p><span style=\"font-weight: 400;\">Para garantir que seu filho de quatro patas fique bem e possa se divertir, confira 10 dicas de<\/span> como cuidar de cachorro no ver\u00e3o<span style=\"font-weight: 400;\">, elaboradas com a ajuda da m\u00e9dica-veterin\u00e1ria Karina Mussolino, da Petz.<\/span><\/p>\n<h2><span style=\"font-weight: 400;\">1. Nunca deixe o cachorro em locais muito abafados<\/span><\/h2>\n<p><span style=\"font-weight: 400;\">Deixar o pet no carro ou em qualquer local abafado e sem circula\u00e7\u00e3o de ar, nem pensar! No ver\u00e3o, aumenta o risco de ele sofrer hipertermia, um aumento brusco da temperatura corporal, que ultrapassa a capacidade compensat\u00f3ria do organismo.<\/span><\/p>\n<p><span style=\"font-weight: 400;\">Nesses casos, o animal se mostra cansado, apresenta l\u00edngua roxa (cianose), tem dificuldade para andar, respira\u00e7\u00e3o ofegante, v\u00f4mitos e diarreias, chegando a convuls\u00f5es e perda de consci\u00eancia.<\/span><\/p>\n<p><span style=\"font-weight: 400;\">Ao notar essas altera\u00e7\u00f5es, uma das formas de<\/span><b> como refrescar cachorro no ver\u00e3o <\/b><span style=\"font-weight: 400;\">\u00e9 \u00a0colocando gelo nas virilhas e axilas dele. Caso os sintomas continuem, \u00a0siga para uma cl\u00ednica de pronto-atendimento imediatamente. A hipertermia leva \u00e0 disfun\u00e7\u00e3o dos \u00f3rg\u00e3os, podendo causar a morte do pet.<\/span><\/p>\n<p><a href=\"https:\/\/www.petz.com.br\/blog\/wp-content\/uploads\/2019\/01\/como-cuidar-de-cao-no-verao.jpg\"><img decoding=\"async\" class=\"alignnone size-full wp-image-2438612\" src=\"https:\/\/www.petz.com.br\/blog\/wp-content\/uploads\/2019\/01\/como-cuidar-de-cao-no-verao.jpg\" alt=\"\" width=\"718\" height=\"482\" title=\"\" srcset=\"https:\/\/www.petz.com.br\/blog\/wp-content\/uploads\/2019\/01\/como-cuidar-de-cao-no-verao.jpg 718w, https:\/\/www.petz.com.br\/blog\/wp-content\/uploads\/2019\/01\/como-cuidar-de-cao-no-verao-300x201.jpg 300w, https:\/\/www.petz.com.br\/blog\/wp-content\/uploads\/2019\/01\/como-cuidar-de-cao-no-verao-150x101.jpg 150w\" sizes=\"(max-width: 718px) 100vw, 718px\" \/><\/a><\/p>\n<h2><span style=\"font-weight: 400;\">2. Respeite os melhores hor\u00e1rios para passeio<\/span><\/h2>\n<p><span style=\"font-weight: 400;\">Mesmo nas demais esta\u00e7\u00f5es do ano, \u00e9 melhor evitar os passeios com o cachorro entre 10h e 16h, quando ocorre uma maior incid\u00eancia de radia\u00e7\u00e3o UVB, a principal respons\u00e1vel pelo c\u00e2ncer de pele, que tamb\u00e9m atinge os pets.<\/span><\/p>\n<p><span style=\"font-weight: 400;\">Al\u00e9m disso, como explica a Dra. Karina Mussolino, \u201co asfalto pode causa queimaduras nos coxins, as almofadinhas das patinhas, nos momentos mais quentes do dia\u201d. Em per\u00edodos mais quentes, limite-se ao passeio e evite a pr\u00e1tica de outros exerc\u00edcios f\u00edsicos com o animal, afinal, <\/span><b>cachorro sente calor<\/b><span style=\"font-weight: 400;\">, e muito! <\/span><\/p>\n<h2><span style=\"font-weight: 400;\">3. Garanta sombra e \u00e1gua fresca<\/span><\/h2>\n<p><span style=\"font-weight: 400;\">Em casa, na praia, durante as viagens ou os passeios, \u00e9 muito importante que o pet tenha acesso \u00e0 sombra e a \u00e1reas mais frescas. Conforme a situa\u00e7\u00e3o, usar ar-condicionado, manter janelas abertas, garantir a oferta de sombras de \u00e1rvores e guarda-sol tamb\u00e9m s\u00e3o formas de<\/span><b> como diminuir o calor do cachorro<\/b><span style=\"font-weight: 400;\">. J\u00e1 existe, inclusive, colch\u00f5es climatizados, que gelam em contato com o corpo de animal e servem para refresc\u00e1-lo.<\/span><\/p>\n<p><span style=\"font-weight: 400;\">A \u00e1gua deve ser oferecida em abund\u00e2ncia e estar sempre fresquinha. Durante os passeios, leve um cantil e fa\u00e7a pausas estrat\u00e9gicas. J\u00e1 em casa, d\u00ea prefer\u00eancia aos bebedouros de cer\u00e2mica, que mant\u00eam melhor a temperatura da \u00e1gua. <\/span><\/p>\n<h2><span style=\"font-weight: 400;\">4. Aten\u00e7\u00e3o redobrada com filhotes, idosos, obesos e braquicef\u00e1licos<\/span><\/h2>\n<p><span style=\"font-weight: 400;\">Em geral, <\/span><a href=\"https:\/\/www.petz.com.br\/blog\/cachorro-idoso\/\"><span style=\"font-weight: 400;\">c\u00e3es idosos<\/span><\/a><span style=\"font-weight: 400;\"> e filhotes t\u00eam mais dificuldade de suportar temperaturas elevadas. Da mesma forma, c\u00e3es braquicef\u00e1licos (de cr\u00e2nio achatado e focinho curto) e\/ou obesos t\u00eam maior tend\u00eancia a apresentar problemas respirat\u00f3rios e mais dificuldade para perder calor. Especialmente com esses animais, fique atento a qualquer sinal de cansa\u00e7o e respira\u00e7\u00e3o mais ofegante.<\/span><\/p>\n<p><a href=\"https:\/\/www.petz.com.br\/blog\/wp-content\/uploads\/2019\/01\/como-cuidar-de-cachorro-no-verao.jpg\"><img decoding=\"async\" class=\"alignnone size-full wp-image-2438610\" src=\"https:\/\/www.petz.com.br\/blog\/wp-content\/uploads\/2019\/01\/como-cuidar-de-cachorro-no-verao.jpg\" alt=\"\" width=\"718\" height=\"482\" title=\"\" srcset=\"https:\/\/www.petz.com.br\/blog\/wp-content\/uploads\/2019\/01\/como-cuidar-de-cachorro-no-verao.jpg 718w, https:\/\/www.petz.com.br\/blog\/wp-content\/uploads\/2019\/01\/como-cuidar-de-cachorro-no-verao-300x201.jpg 300w\" sizes=\"(max-width: 718px) 100vw, 718px\" \/><\/a><\/p>\n<h2><span style=\"font-weight: 400;\">5. Mantenha a carteira de vacina\u00e7\u00e3o e vermifuga\u00e7\u00e3o em dia<\/span><\/h2>\n<p><span style=\"font-weight: 400;\">A dica vale para o ano todo, mas, no ver\u00e3o, segundo a Dra. Karina, o contato entre os pets costuma ser maior, j\u00e1 que eles saem mais para passear. Por isso, al\u00e9m de manter vacina\u00e7\u00e3o e vermifuga\u00e7\u00e3o em dia, o controle de ectoparasitas (pulgas e carrapatos) tamb\u00e9m merece aten\u00e7\u00e3o nesta esta\u00e7\u00e3o.<\/span><\/p>\n<p><span style=\"font-weight: 400;\">No que diz respeito \u00e0s vacinas, a veterin\u00e1ria chama a aten\u00e7\u00e3o para o aumento do risco de o pet contrair leptospirose, doen\u00e7a causada por uma bact\u00e9ria presente na urina de ratos e que vive muito bem nas \u00e1reas alagadas dos per\u00edodos de chuva. As vacinas m\u00faltiplas (V8 ou V10) s\u00e3o eficazes na preven\u00e7\u00e3o dessa e de outras doen\u00e7as.<\/span><\/p>\n<h2><span style=\"font-weight: 400;\">6. Fa\u00e7a a preven\u00e7\u00e3o da dirofilariose<\/span><\/h2>\n<p><span style=\"font-weight: 400;\">O verme do cora\u00e7\u00e3o \u00e9 outro motivo de preocupa\u00e7\u00e3o no ver\u00e3o, sobretudo para quem vai viajar com o pet para o litoral e tem d\u00favidas de como cuidar do cachorro. <\/span><span style=\"font-weight: 400;\">A boa not\u00edcia \u00e9 que j\u00e1 se pode contar com uma vacina, que vem apresentando bons resultados na preven\u00e7\u00e3o da dirofilariose. <\/span><\/p>\n<p><span style=\"font-weight: 400;\">Al\u00e9m disso, devido ao ciclo da doen\u00e7a, verm\u00edfugos tamb\u00e9m s\u00e3o eficazes para evit\u00e1-la. Converse com um veterin\u00e1rio e n\u00e3o deixe para fazer isso s\u00f3 na v\u00e9spera da viagem!<\/span><\/p>\n<h2><span style=\"font-weight: 400;\">7. Aposte no uso de repelentes para cachorros<\/span><\/h2>\n<p><span style=\"font-weight: 400;\">O aumento da prolifera\u00e7\u00e3o de mosquitos no ver\u00e3o tamb\u00e9m \u00e9 um inc\u00f4modo para os nossos filhos de quatro patas. Al\u00e9m de transmitirem doen\u00e7as, como a dirofilariose e a leishmaniose, as picadas desses insetos tamb\u00e9m podem ocasionar coceiras e alergias.<\/span><\/p>\n<p><span style=\"font-weight: 400;\">Para evitar que isso aconte\u00e7a, n\u00e3o deixe de proteger o pet fazendo o uso de repelentes espec\u00edficos para cachorros (<a href=\"https:\/\/www.petz.com.br\/blog\/repelente-de-insetos-para-cachorro-como-e-por-que-usa-lo\/\">veja texto sobre o tema)<\/a>. E muito cuidado com os repelentes tradicionais: eles podem ser t\u00f3xicos para os pets.<\/span><\/p>\n<p><a href=\"https:\/\/www.petz.com.br\/blog\/wp-content\/uploads\/2019\/01\/como-cuidar-de-caes-no-verao.jpg\"><img decoding=\"async\" class=\"alignnone size-full wp-image-2438611\" src=\"https:\/\/www.petz.com.br\/blog\/wp-content\/uploads\/2019\/01\/como-cuidar-de-caes-no-verao.jpg\" alt=\"\" width=\"718\" height=\"482\" title=\"\" srcset=\"https:\/\/www.petz.com.br\/blog\/wp-content\/uploads\/2019\/01\/como-cuidar-de-caes-no-verao.jpg 718w, https:\/\/www.petz.com.br\/blog\/wp-content\/uploads\/2019\/01\/como-cuidar-de-caes-no-verao-300x201.jpg 300w, https:\/\/www.petz.com.br\/blog\/wp-content\/uploads\/2019\/01\/como-cuidar-de-caes-no-verao-150x101.jpg 150w\" sizes=\"(max-width: 718px) 100vw, 718px\" \/><\/a><\/p>\n<h2><span style=\"font-weight: 400;\">8. Fa\u00e7a uso do filtro solar<\/span><\/h2>\n<p><span style=\"font-weight: 400;\">Como j\u00e1 mencionamos, c\u00e3es tamb\u00e9m est\u00e3o sujeitos a desenvolver c\u00e2ncer de pele. Por isso, n\u00e3o deixe de aplicar filtro solar espec\u00edfico para animais no focinho, nas extremidades das orelhas e na barriga do pet \u2014 essa \u00e9 uma das principais dicas de como cuidar de cachorro no ver\u00e3o. <\/span><\/p>\n<p><span style=\"font-weight: 400;\">Principalmente no caso de c\u00e3es de pele e\/ou focinhos claros, o ideal \u00e9 fazer uso do protetor solar mesmo que o cachorro v\u00e1 ficar em casa, reaplicando o produto diversas vezes ao dia.<\/span><\/p>\n<h2><span style=\"font-weight: 400;\">9. Converse com um especialista sobre a necessidade de tosa<\/span><\/h2>\n<p><b>Tosar cachorro no ver\u00e3o <\/b><span style=\"font-weight: 400;\">pode ser uma boa forma de ajudar a refresc\u00e1-lo, principalmente no caso de ra\u00e7as origin\u00e1rias de locais frios, como S\u00e3o Bernardo e Husky Siberiano. J\u00e1 para ra\u00e7as com muito subpelo, como Chow-Chow e Lulu da Pomer\u00e2nia, a tosa pode faz\u00ea-los perder essa camada de prote\u00e7\u00e3o, o que n\u00e3o \u00e9 recomendado. <\/span><\/p>\n<p><span style=\"font-weight: 400;\">Os pelos funcionam como um isolante t\u00e9rmico. Por isso, a dica \u00e9 sempre aparar e nunca tosar completamente a pelagem do animal, o que aumentaria o risco de queimaduras de pele.<\/span><\/p>\n<h2><span style=\"font-weight: 400;\">10. N\u00e3o deixe o cachorro na piscina sem supervis\u00e3o<\/span><\/h2>\n<p><span style=\"font-weight: 400;\">Segundo a Dra. Karina Mussolino, os dados de atendimentos realizados pela Petz mostram um aumento consider\u00e1vel nos casos de afogamento nesta \u00e9poca do ano. <\/span><\/p>\n<p><span style=\"font-weight: 400;\">Ela explica que muitos pets sabem nadar, mas eles n\u00e3o conseguem sair da piscina sozinhos. Por isso \u00e9 fundamental ter sempre algu\u00e9m junto com eles, enquanto eles nadam, para retir\u00e1-los da piscina a qualquer sinal de cansa\u00e7o. <\/span><\/p>\n<p><span style=\"font-weight: 400;\">Essas piscinas, quando n\u00e3o est\u00e3o sendo usadas, devem ficar fechadas com lona ou grade de prote\u00e7\u00e3o.\u00a0<\/span><span style=\"font-weight: 400;\">E n\u00e3o se esque\u00e7a de proteger as orelhas do pet com algod\u00e3o ou tamp\u00f5es auriculares! Assim voc\u00ea evita que ele desenvolva otites. <\/span><\/p>\n<p><span style=\"font-weight: 400;\">Est\u00e1 precisando de repelente, filtro solar, colch\u00e3o climatizado ou qualquer outro acess\u00f3rio para curtir o ver\u00e3o com o seu amigo? Entre no site da <\/span><a href=\"https:\/\/www.petz.com.br\/blog\/\"><span style=\"font-weight: 400;\">Petz<\/span><\/a><span style=\"font-weight: 400;\"> ou visite a unidade mais pr\u00f3xima a voc\u00ea! E, seguindo todas essas dicas, saber como cuidar de cachorro no ver\u00e3o ser\u00e1 f\u00e1cil.<\/span><\/p>\n","protected":false},"excerpt":{"rendered":"<p>O ver\u00e3o \u00e9 uma das esta\u00e7\u00f5es mais aguardadas do ano. Combina, deliciosamente, praia, piscina, f\u00e9rias [&hellip;]<\/p>\n","protected":false},"author":24,"featured_media":2438611,"comment_status":"open","ping_status":"closed","sticky":false,"template":"","format":"standard","meta":{"_acf_changed":false,"footnotes":""},"categories":[381,1012,489,517,539],"tags":[],"class_list":["post-2438609","post","type-post","status-publish","format-standard","has-post-thumbnail","hentry","category-caes-banho-e-tosa","category-cachorro","category-comportamento","category-dicas","category-posse-responsavel"],"acf":[],"_links":{"self":[{"href":"https:\/\/www.petz.com.br\/blog\/wp-json\/wp\/v2\/posts\/2438609","targetHints":{"allow":["GET"]}}],"collection":[{"href":"https:\/\/www.petz.com.br\/blog\/wp-json\/wp\/v2\/posts"}],"about":[{"href":"https:\/\/www.petz.com.br\/blog\/wp-json\/wp\/v2\/types\/post"}],"author":[{"embeddable":true,"href":"https:\/\/www.petz.com.br\/blog\/wp-json\/wp\/v2\/users\/24"}],"replies":[{"embeddable":true,"href":"https:\/\/www.petz.com.br\/blog\/wp-json\/wp\/v2\/comments?post=2438609"}],"version-history":[{"count":0,"href":"https:\/\/www.petz.com.br\/blog\/wp-json\/wp\/v2\/posts\/2438609\/revisions"}],"wp:featuredmedia":[{"embeddable":true,"href":"https:\/\/www.petz.com.br\/blog\/wp-json\/wp\/v2\/media\/2438611"}],"wp:attachment":[{"href":"https:\/\/www.petz.com.br\/blog\/wp-json\/wp\/v2\/media?parent=2438609"}],"wp:term":[{"taxonomy":"category","embeddable":true,"href":"https:\/\/www.petz.com.br\/blog\/wp-json\/wp\/v2\/categories?post=2438609"},{"taxonomy":"post_tag","embeddable":true,"href":"https:\/\/www.petz.com.br\/blog\/wp-json\/wp\/v2\/tags?post=2438609"}],"curies":[{"name":"wp","href":"https:\/\/api.w.org\/{rel}","templated":true}]}}