{"id":2438632,"date":"2019-01-25T14:33:43","date_gmt":"2019-01-25T17:33:43","guid":{"rendered":"https:\/\/www.dicaspetz.com.br\/blog\/?p=2438632"},"modified":"2025-11-27T10:23:50","modified_gmt":"2025-11-27T13:23:50","slug":"protetor-solar-para-caes-acabe-com-as-duvidas-sobre-o-tema","status":"publish","type":"post","link":"https:\/\/www.petz.com.br\/blog\/protetor-solar-para-caes-acabe-com-as-duvidas-sobre-o-tema\/","title":{"rendered":"Protetor solar para c\u00e3es: acabe com as d\u00favidas sobre o tema"},"content":{"rendered":"<p><span style=\"font-weight: 400;\">Com a conscientiza\u00e7\u00e3o sobre a import\u00e2ncia de nos protegermos da radia\u00e7\u00e3o ultravioleta (UV), \u00e9 cada vez mais comum encontrarmos quem use filtro solar diariamente, e n\u00e3o s\u00f3 na praia ou na piscina. <\/span><span style=\"font-weight: 400;\">Essa preocupa\u00e7\u00e3o, no entanto, ainda n\u00e3o tem inclu\u00eddo os pets de forma sistem\u00e1tica, embora eles tamb\u00e9m sofram com os raios UV.\u00a0<\/span><span style=\"font-weight: 400;\">A seguir, o Dr. Manrique Cardoso, m\u00e9dico-veterin\u00e1rio da Petz, responde \u00e0s principais d\u00favidas sobre o <\/span><b>protetor solar para c\u00e3es<\/b><span style=\"font-weight: 400;\">.<\/span><\/p>\n<p><a href=\"https:\/\/www.petz.com.br\/blog\/wp-content\/uploads\/2019\/01\/protetor-solar-para-cachorro.jpg\"><img decoding=\"async\" class=\"alignnone size-full wp-image-2438633\" src=\"https:\/\/www.petz.com.br\/blog\/wp-content\/uploads\/2019\/01\/protetor-solar-para-cachorro.jpg\" alt=\"\" width=\"718\" height=\"482\" title=\"\" srcset=\"https:\/\/www.petz.com.br\/blog\/wp-content\/uploads\/2019\/01\/protetor-solar-para-cachorro.jpg 718w, https:\/\/www.petz.com.br\/blog\/wp-content\/uploads\/2019\/01\/protetor-solar-para-cachorro-300x201.jpg 300w\" sizes=\"(max-width: 718px) 100vw, 718px\" \/><\/a><\/p>\n<h2><span style=\"font-weight: 400;\">Por que o protetor solar tamb\u00e9m \u00e9 importante para os c\u00e3es?<\/span><\/h2>\n<p><span style=\"font-weight: 400;\">Pelo mesmo motivo pelo qual o filtro solar tradicional \u00e9 importante para n\u00f3s: para proteger a pele dos raios ultravioletas. Em c\u00e3es, as principais doen\u00e7as associadas \u00e0 exposi\u00e7\u00e3o solar sem prote\u00e7\u00e3o s\u00e3o a dermatite act\u00ednica (les\u00e3o pr\u00e9-cancer\u00edgena), doen\u00e7as autoimunes e c\u00e2ncer de pele.<\/span><\/p>\n<h2><span style=\"font-weight: 400;\">Todos os c\u00e3es precisam de prote\u00e7\u00e3o solar?<\/span><\/h2>\n<p><span style=\"font-weight: 400;\">Sim. O protetor solar \u00e9 importante para cachorros de todas as ra\u00e7as, sobretudo em regi\u00f5es com menor volume de pelos e mais expostas aos raios solares, como focinhos. Mas os c\u00e3es de pelagem branca s\u00e3o os mais suscet\u00edveis ao problema, principalmente os das ra\u00e7as Pit Bull e Bull Terrier.<\/span><\/p>\n<p><a href=\"https:\/\/www.petz.com.br\/blog\/wp-content\/uploads\/2019\/01\/protetor-solar-para-cao.jpg\"><img decoding=\"async\" class=\"alignnone size-full wp-image-2438635\" src=\"https:\/\/www.petz.com.br\/blog\/wp-content\/uploads\/2019\/01\/protetor-solar-para-cao.jpg\" alt=\"\" width=\"718\" height=\"482\" title=\"\" srcset=\"https:\/\/www.petz.com.br\/blog\/wp-content\/uploads\/2019\/01\/protetor-solar-para-cao.jpg 718w, https:\/\/www.petz.com.br\/blog\/wp-content\/uploads\/2019\/01\/protetor-solar-para-cao-300x201.jpg 300w\" sizes=\"(max-width: 718px) 100vw, 718px\" \/><\/a><\/p>\n<h2><span style=\"font-weight: 400;\">\u00c9 preciso passar o produto todos os dias?<\/span><\/h2>\n<p><span style=\"font-weight: 400;\">Muitos acham que o protetor solar canino deve ser utilizado apenas pelo<\/span><b> cachorro na praia<\/b><span style=\"font-weight: 400;\">. No entanto, alguns pets necessitam desta prote\u00e7\u00e3o diariamente, j\u00e1 que muitos pets ficam expostos ao sol mesmo sem sair da casa, ao se deitarem em quintais, varandas ou at\u00e9 perto de janelas. Por isso, principalmente nos casos de c\u00e3es com pelagem branca, o ideal \u00e9 que eles usem protetor solar diariamente.<\/span><\/p>\n<h2><span style=\"font-weight: 400;\">Como e onde passar o protetor solar em c\u00e3es?<\/span><\/h2>\n<p><span style=\"font-weight: 400;\">Essa \u00e9 uma d\u00favida muito comum, ainda mais entre tutores de <\/span><a href=\"https:\/\/www.petz.com.br\/blog\/pelo-de-cachorro\/\"><span style=\"font-weight: 400;\">pets bem peludos<\/span><\/a><span style=\"font-weight: 400;\">, como os c\u00e3es da ra\u00e7a malt\u00eas. A dica \u00e9 aplicar o produto nas \u00e1reas de menor densidade capilar, o que pode variar de pet para pet. As mais comuns s\u00e3o focinho, orelhas, barriga, risca da coluna (onde ocorre a divis\u00e3o de pelos) e regi\u00e3o ao redor dos olhos. <\/span><\/p>\n<h2><span style=\"font-weight: 400;\">\u00c9 necess\u00e1rio fazer a reaplica\u00e7\u00e3o do produto ao longo do dia?<\/span><\/h2>\n<p><span style=\"font-weight: 400;\">Sim. Como acontece conosco, o produto tamb\u00e9m deve ser reaplicado nos c\u00e3es a cada 2 ou 3 horas a fim de manter sua efic\u00e1cia.<\/span><\/p>\n<p><a href=\"https:\/\/www.petz.com.br\/blog\/wp-content\/uploads\/2019\/01\/protetor-solar-para-caes.jpg\"><img decoding=\"async\" class=\"alignnone size-full wp-image-2438634\" src=\"https:\/\/www.petz.com.br\/blog\/wp-content\/uploads\/2019\/01\/protetor-solar-para-caes.jpg\" alt=\"\" width=\"718\" height=\"482\" title=\"\" srcset=\"https:\/\/www.petz.com.br\/blog\/wp-content\/uploads\/2019\/01\/protetor-solar-para-caes.jpg 718w, https:\/\/www.petz.com.br\/blog\/wp-content\/uploads\/2019\/01\/protetor-solar-para-caes-300x201.jpg 300w, https:\/\/www.petz.com.br\/blog\/wp-content\/uploads\/2019\/01\/protetor-solar-para-caes-150x101.jpg 150w\" sizes=\"(max-width: 718px) 100vw, 718px\" \/><\/a><\/p>\n<h2><span style=\"font-weight: 400;\">Pode usar protetor solar de humanos em cachorros?<\/span><\/h2>\n<p><span style=\"font-weight: 400;\">A pr\u00e1tica n\u00e3o \u00e9 recomendada, porque alguns dos protetores que n\u00f3s usamos podem ter, na f\u00f3rmula, componentes t\u00f3xicos para os pets. Mas, caso o produto veterin\u00e1rio termine, \u00e9 melhor apostar em um protetor solar para humanos do que n\u00e3o passar nada at\u00e9 voc\u00ea renovar o estoque. Nesses casos, d\u00ea prefer\u00eancia \u00e0s f\u00f3rmulas infantis, sempre com fator de prote\u00e7\u00e3o acima de 30, e reaplique v\u00e1rias vezes ao dia.<\/span><\/p>\n<h2><span style=\"font-weight: 400;\">Quais s\u00e3o as outras formas de proteger o cachorro contra os raios UV?<\/span><\/h2>\n<p><span style=\"font-weight: 400;\">\u00c9 poss\u00edvel encontrar roupinhas com prote\u00e7\u00e3o ultravioleta, que protegem das <\/span><b>queimaduras de sol em c\u00e3es<\/b><span style=\"font-weight: 400;\"> principalmente as regi\u00f5es da coluna e da barriga. De resto, os cuidados devem ser os mesmos que temos em rela\u00e7\u00e3o a n\u00f3s mesmos e \u00e0s crian\u00e7as, como dar prefer\u00eancia a locais com sombra e evitar a exposi\u00e7\u00e3o solar entre 10h e 16h. Por isso, os passeios devem ser realizados sempre no in\u00edcio da manh\u00e3 ou no fim da tarde.<\/span><\/p>\n<p><span style=\"font-weight: 400;\">Agora que voc\u00ea j\u00e1 sabe a import\u00e2ncia do protetor solar para c\u00e3es, assim como a forma certa de us\u00e1-lo, que tal garantir a prote\u00e7\u00e3o do seu amigo? Entre no site da <\/span><a href=\"https:\/\/www.petz.com.br\/blog\/\"><span style=\"font-weight: 400;\">Petz<\/span><\/a><span style=\"font-weight: 400;\"> ou procure a unidade mais pr\u00f3xima.<\/span><\/p>\n","protected":false},"excerpt":{"rendered":"<p>Com a conscientiza\u00e7\u00e3o sobre a import\u00e2ncia de nos protegermos da radia\u00e7\u00e3o ultravioleta (UV), \u00e9 cada [&hellip;]<\/p>\n","protected":false},"author":24,"featured_media":2438634,"comment_status":"open","ping_status":"closed","sticky":false,"template":"","format":"standard","meta":{"_acf_changed":false,"footnotes":""},"categories":[71,1012,385,1022,521,515],"tags":[],"class_list":["post-2438632","post","type-post","status-publish","format-standard","has-post-thumbnail","hentry","category-bem-estar","category-cachorro","category-caes-bem-estar","category-casa","category-curiosidades","category-saude-e-cuidados-cachorros"],"acf":[],"_links":{"self":[{"href":"https:\/\/www.petz.com.br\/blog\/wp-json\/wp\/v2\/posts\/2438632","targetHints":{"allow":["GET"]}}],"collection":[{"href":"https:\/\/www.petz.com.br\/blog\/wp-json\/wp\/v2\/posts"}],"about":[{"href":"https:\/\/www.petz.com.br\/blog\/wp-json\/wp\/v2\/types\/post"}],"author":[{"embeddable":true,"href":"https:\/\/www.petz.com.br\/blog\/wp-json\/wp\/v2\/users\/24"}],"replies":[{"embeddable":true,"href":"https:\/\/www.petz.com.br\/blog\/wp-json\/wp\/v2\/comments?post=2438632"}],"version-history":[{"count":0,"href":"https:\/\/www.petz.com.br\/blog\/wp-json\/wp\/v2\/posts\/2438632\/revisions"}],"wp:featuredmedia":[{"embeddable":true,"href":"https:\/\/www.petz.com.br\/blog\/wp-json\/wp\/v2\/media\/2438634"}],"wp:attachment":[{"href":"https:\/\/www.petz.com.br\/blog\/wp-json\/wp\/v2\/media?parent=2438632"}],"wp:term":[{"taxonomy":"category","embeddable":true,"href":"https:\/\/www.petz.com.br\/blog\/wp-json\/wp\/v2\/categories?post=2438632"},{"taxonomy":"post_tag","embeddable":true,"href":"https:\/\/www.petz.com.br\/blog\/wp-json\/wp\/v2\/tags?post=2438632"}],"curies":[{"name":"wp","href":"https:\/\/api.w.org\/{rel}","templated":true}]}}