{"id":2441025,"date":"2019-06-24T16:00:40","date_gmt":"2019-06-24T19:00:40","guid":{"rendered":"https:\/\/www.dicaspetz.com.br\/blog\/?p=2441025"},"modified":"2025-11-27T11:46:10","modified_gmt":"2025-11-27T14:46:10","slug":"dermatite-atopica-canina","status":"publish","type":"post","link":"https:\/\/www.petz.com.br\/blog\/dermatite-atopica-canina\/","title":{"rendered":"Dermatite at\u00f3pica canina: descubra tudo sobre a doen\u00e7a"},"content":{"rendered":"\r\n<p>\u00c9 comum ver os pets se co\u00e7ando e logo os tutores pensam em pulgas ou carrapatos. E, mesmo se ap\u00f3s os exames feitos pelo m\u00e9dico-veterin\u00e1rio a coceira n\u00e3o parar, fique atento! Seu bichinho pode estar com <strong>dermatite at\u00f3pica canina<\/strong>. <\/p>\r\n\r\n\r\n\r\n<figure class=\"wp-block-image\"><img decoding=\"async\" width=\"718\" height=\"482\" src=\"https:\/\/www.petz.com.br\/blog\/wp-content\/uploads\/2019\/06\/dermatite-atopica-caes.jpg\" alt=\"\" class=\"wp-image-2441027\" title=\"\" srcset=\"https:\/\/www.petz.com.br\/blog\/wp-content\/uploads\/2019\/06\/dermatite-atopica-caes.jpg 718w, https:\/\/www.petz.com.br\/blog\/wp-content\/uploads\/2019\/06\/dermatite-atopica-caes-300x201.jpg 300w\" sizes=\"(max-width: 718px) 100vw, 718px\" \/><\/figure>\r\n\r\n\r\n\r\n<p>Mas, conhece as causas, sintomas e tratamento mais indicado para a dermatite at\u00f3pica? Confira baixo! <\/p>\r\n\r\n\r\n\r\n<h2 class=\"wp-block-heading\">Entenda melhor a dermatite at\u00f3pica canina<\/h2>\r\n\r\n\r\n\r\n<p>At\u00e9 alguns anos atr\u00e1s, pouco se ouvia falar em <strong>dermatite at\u00f3pica canina e seus rem\u00e9dios<\/strong>. Mas, segundo uma pesquisa realizada pelo grupo farmac\u00eautico Zoetis e publicada na revista Sa\u00fade, uma em cada seis consultas veterin\u00e1rias \u00e9 realizada por conta da doen\u00e7a.<\/p>\r\n\r\n\r\n\r\n<p>\u201cA dermatite at\u00f3pica \u00e9 uma doen\u00e7a de car\u00e1ter gen\u00e9tico que acomete primordialmente c\u00e3es\u201d, explica a m\u00e9dica-veterin\u00e1ria da Petz, Dra. Maria Teresa Vieira. <\/p>\r\n\r\n\r\n\r\n<p>\u201cS\u00e3o cachorros que apresentam sensibilidade a al\u00e9rgenos presentes no meio ambiente, desenvolvendo uma rea\u00e7\u00e3o pruriginosa e que pode interferir na qualidade de vida deles\u201d, completa. <\/p>\r\n\r\n\r\n\r\n<p>Entre os fatores que costumam desencadear a dermatite at\u00f3pica, a especialista cita al\u00e9rgenos muito presentes na rotina dos c\u00e3es, como \u00e1caros, bolores, poeira e p\u00f3len. <\/p>\r\n\r\n\r\n\r\n<p>Ou seja: nem \u00e9 preciso que o c\u00e3o saia de casa para encontrar um gatilho para a crise at\u00f3pica. Ao contr\u00e1rio: quanto mais tempo ele passa confinado, mais ele fica <a href=\"https:\/\/www.petz.com.br\/blog\/protetor-solar-para-caes-acabe-com-as-duvidas-sobre-o-tema\/\">exposto ao problema<\/a>.<\/p>\r\n\r\n\r\n\r\n<h2 class=\"wp-block-heading\">Quais os sintomas e como reconhecer a atopia? <\/h2>\r\n\r\n\r\n\r\n<p>Muito inc\u00f4moda, a <a href=\"https:\/\/www.petz.com.br\/blog\/coceira-em-cachorro-quando-e-um-problema\/\">coceira \u00e9 um sintoma pouco espec\u00edfico<\/a>, podendo indicar desde a presen\u00e7a de ectoparasitas at\u00e9 t\u00e9dio e ansiedade. <\/p>\r\n\r\n\r\n\r\n<p>Essa \u00e9 uma das principais dificuldades em reconhecer a atopia, j\u00e1 que os sintomas s\u00e3o justamente a coceira, assim como complica\u00e7\u00f5es decorrentes dela. <\/p>\r\n\r\n\r\n\r\n<p>Por isso, preste aten\u00e7\u00e3o sempre que seu filho de quatro patas apresentar:<\/p>\r\n\r\n\r\n\r\n<ul class=\"wp-block-list\"><li>Coceira excessiva;<\/li><li> Vermelhid\u00e3o e descama\u00e7\u00e3o da pele;<\/li><li> Hiperpigmenta\u00e7\u00e3o;<\/li><li> Alopecia;<\/li><li> Otite de repeti\u00e7\u00e3o,<\/li><li> Les\u00f5es bacterianas ou f\u00fangicas.<\/li><\/ul>\r\n\r\n\r\n\r\n<p>Sobre a coceira, a Dra. Maria Teresa alerta para o fato de ela poder se apresentar de forma tradicional ou por meio de lambedura excessiva nas pata e abd\u00f4men. <\/p>\r\n\r\n\r\n\r\n<figure class=\"wp-block-image\"><img decoding=\"async\" width=\"718\" height=\"482\" src=\"https:\/\/www.petz.com.br\/blog\/wp-content\/uploads\/2019\/06\/dermatite-atopica-canina.jpg\" alt=\"\" class=\"wp-image-2441028\" title=\"\" srcset=\"https:\/\/www.petz.com.br\/blog\/wp-content\/uploads\/2019\/06\/dermatite-atopica-canina.jpg 718w, https:\/\/www.petz.com.br\/blog\/wp-content\/uploads\/2019\/06\/dermatite-atopica-canina-300x201.jpg 300w\" sizes=\"(max-width: 718px) 100vw, 718px\" \/><\/figure>\r\n\r\n\r\n\r\n<p>\u201cNo caso dos gatos, vemos esse comportamento com mais frequ\u00eancia\u201d, diz a especialista, lembrando que eles tamb\u00e9m podem ser visto nos c\u00e3es.<\/p>\r\n\r\n\r\n\r\n<h2 class=\"wp-block-heading\">Ra\u00e7as mais afetadas pela dermatite at\u00f3pica canina<\/h2>\r\n\r\n\r\n\r\n<p>Entre os estudiosos, ainda n\u00e3o existe um consenso sobre a raz\u00e3o por tr\u00e1s do aumento do n\u00famero de casos de atopia. Nesse sentido, muitos defendem a \u201chip\u00f3tese da higiene\u201d. <\/p>\r\n\r\n\r\n\r\n<p>Essa teoria diz que a diminui\u00e7\u00e3o do contato com agentes perigosos teria enfraquecido o sistema imunol\u00f3gico dos pets, deixando-os mais propensos a alergia. <\/p>\r\n\r\n\r\n\r\n<p>Mas afinal, a <strong>dermatite at\u00f3pica canina \u00e9 contagiosa<\/strong>? Ainda n\u00e3o se sabe a certo. Mas, o que se sabe \u00e9 que o fator gen\u00e9tico tem um papel importante no desenvolvimento da doen\u00e7a. <\/p>\r\n\r\n\r\n\r\n<p>Dessa forma, quanto mais restrita \u00e9 a linhagem, maiores as chances de o pet ter atopia. <\/p>\r\n\r\n\r\n\r\n<p>Sendo assim, algumas das ra\u00e7as mais populares s\u00e3o tamb\u00e9m as mais propensas ao problema, com destaque para shih-tzu, lhasa apso, labrador, malt\u00eas e buldogue franc\u00eas.<\/p>\r\n\r\n\r\n\r\n<h2 class=\"wp-block-heading\">Entenda o diagn\u00f3stico e o tratamento da dermatite at\u00f3pica <\/h2>\r\n\r\n\r\n\r\n<p>Como visto, a dermatite at\u00f3pica se manifesta a partir do contato com subst\u00e2ncias muito variadas e nem sempre f\u00e1ceis de identificar, o que dificulta o diagn\u00f3stico. <\/p>\r\n\r\n\r\n\r\n<p>\u201cEle \u00e9 realizado pela exclus\u00e3o de outras dermatites al\u00e9rgicas e n\u00e3o al\u00e9rgicas, a partir do hist\u00f3rico completo do pet, dos sinais cl\u00ednicos e dos resultados de exames de raspado de pele e culturas, por exemplo\u201d, explica a Dra. Maria Teresa.<\/p>\r\n\r\n\r\n\r\n<p>Segundo ela, a partir do momento em que \u00e9 dado o diagn\u00f3stico de dermatite at\u00f3pica, o veterin\u00e1rio tamb\u00e9m pode solicitar testes intrad\u00e9rmicos ou sorol\u00f3gicos. A fim de detectar os agentes potencialmente danosos para o indiv\u00edduo. <\/p>\r\n\r\n\r\n\r\n<p>\u201cDesses, o m\u00e9todo intrad\u00e9rmico costuma ser o mais aceito e utilizado\u201d, esclarece a especialista.<\/p>\r\n\r\n\r\n\r\n<p>Confirmada a dermatite al\u00e9rgica, saiba que ela ainda n\u00e3o tem cura. De modo que o tratamento consiste no controle da doen\u00e7a. <\/p>\r\n\r\n\r\n\r\n<p>Entre as medidas citadas pela veterin\u00e1ria est\u00e3o o uso de anti-histam\u00ednicos, tratamento de infec\u00e7\u00f5es secund\u00e1rias (com antibi\u00f3ticos, no caso das bacterianas). <\/p>\r\n\r\n\r\n\r\n<p>E, ainda, <strong>shampoos para dermatite at\u00f3pica canina<\/strong>. Al\u00e9m de administra\u00e7\u00e3o de suplementos, como \u00e1cidos graxos ou mesmo de ra\u00e7\u00f5es medicamentosas hipoalerg\u00eanicas. <\/p>\r\n\r\n\r\n\r\n<figure class=\"wp-block-image\"><img decoding=\"async\" width=\"718\" height=\"482\" src=\"https:\/\/www.petz.com.br\/blog\/wp-content\/uploads\/2019\/06\/dermatite-atopica-cachorro.jpg\" alt=\"\" class=\"wp-image-2441026\" title=\"\" srcset=\"https:\/\/www.petz.com.br\/blog\/wp-content\/uploads\/2019\/06\/dermatite-atopica-cachorro.jpg 718w, https:\/\/www.petz.com.br\/blog\/wp-content\/uploads\/2019\/06\/dermatite-atopica-cachorro-300x201.jpg 300w, https:\/\/www.petz.com.br\/blog\/wp-content\/uploads\/2019\/06\/dermatite-atopica-cachorro-150x101.jpg 150w\" sizes=\"(max-width: 718px) 100vw, 718px\" \/><\/figure>\r\n\r\n\r\n\r\n<p>\u201cIndicamos essas ra\u00e7\u00f5es como coadjuvantes no tratamento de atopia. Pois sabemos que, mesmo que o pet n\u00e3o tenha alergia alimentar, a prote\u00edna de origem animal \u00e9 um potencial al\u00e9rgeno\u201d, diz.<\/p>\r\n\r\n\r\n\r\n<p>Lembrando que qualquer tratamento dever\u00e1 ser recomendado por um veterin\u00e1rio, ap\u00f3s uma consulta. <\/p>\r\n\r\n\r\n\r\n<p>Por isso, se suspeitar que seu amigo pode ser um at\u00f3pico, n\u00e3o deixe que a coceira evolua. Agende j\u00e1 uma consulta para ele em uma das cl\u00ednicas <a href=\"https:\/\/www.petz.com.br\/blog\/\">Petz <\/a>mais perto de voc\u00ea!<\/p>\r\n","protected":false},"excerpt":{"rendered":"<p>\u00c9 comum ver os pets se co\u00e7ando e logo os tutores pensam em pulgas ou [&hellip;]<\/p>\n","protected":false},"author":24,"featured_media":2441026,"comment_status":"open","ping_status":"closed","sticky":false,"template":"","format":"standard","meta":{"_acf_changed":false,"footnotes":""},"categories":[71,17,986,402],"tags":[],"class_list":["post-2441025","post","type-post","status-publish","format-standard","has-post-thumbnail","hentry","category-bem-estar","category-caes","category-doencas","category-pets"],"acf":[],"_links":{"self":[{"href":"https:\/\/www.petz.com.br\/blog\/wp-json\/wp\/v2\/posts\/2441025","targetHints":{"allow":["GET"]}}],"collection":[{"href":"https:\/\/www.petz.com.br\/blog\/wp-json\/wp\/v2\/posts"}],"about":[{"href":"https:\/\/www.petz.com.br\/blog\/wp-json\/wp\/v2\/types\/post"}],"author":[{"embeddable":true,"href":"https:\/\/www.petz.com.br\/blog\/wp-json\/wp\/v2\/users\/24"}],"replies":[{"embeddable":true,"href":"https:\/\/www.petz.com.br\/blog\/wp-json\/wp\/v2\/comments?post=2441025"}],"version-history":[{"count":0,"href":"https:\/\/www.petz.com.br\/blog\/wp-json\/wp\/v2\/posts\/2441025\/revisions"}],"wp:featuredmedia":[{"embeddable":true,"href":"https:\/\/www.petz.com.br\/blog\/wp-json\/wp\/v2\/media\/2441026"}],"wp:attachment":[{"href":"https:\/\/www.petz.com.br\/blog\/wp-json\/wp\/v2\/media?parent=2441025"}],"wp:term":[{"taxonomy":"category","embeddable":true,"href":"https:\/\/www.petz.com.br\/blog\/wp-json\/wp\/v2\/categories?post=2441025"},{"taxonomy":"post_tag","embeddable":true,"href":"https:\/\/www.petz.com.br\/blog\/wp-json\/wp\/v2\/tags?post=2441025"}],"curies":[{"name":"wp","href":"https:\/\/api.w.org\/{rel}","templated":true}]}}