{"id":2442335,"date":"2022-01-21T12:00:14","date_gmt":"2022-01-21T15:00:14","guid":{"rendered":"https:\/\/www.dicaspetz.com.br\/blog\/?p=2442335"},"modified":"2025-11-27T11:35:52","modified_gmt":"2025-11-27T14:35:52","slug":"especies-ameacadas-de-extincao","status":"publish","type":"post","link":"https:\/\/www.petz.com.br\/blog\/especies-ameacadas-de-extincao\/","title":{"rendered":"Esp\u00e9cies amea\u00e7adas de extin\u00e7\u00e3o: conhe\u00e7a 4 animais salvos"},"content":{"rendered":"<p><span style=\"font-weight: 400;\">Sabemos que as a\u00e7\u00f5es do homem sobre o meio ambiente s\u00e3o as principais causas de existirem variadas <\/span><b>esp\u00e9cies amea\u00e7adas de extin\u00e7\u00e3o<\/b><span style=\"font-weight: 400;\"> na Terra. \u00c9 o caso de atos como destrui\u00e7\u00e3o de habitats, ca\u00e7a predat\u00f3ria, polui\u00e7\u00e3o de ambientes e inser\u00e7\u00e3o artificial de novas esp\u00e9cies em determinadas \u00e1reas.\u00a0<\/span><\/p>\n<p><img decoding=\"async\" class=\"alignnone size-full wp-image-2453730\" src=\"https:\/\/www.petz.com.br\/blog\/wp-content\/uploads\/2019\/12\/especies-ameacadas-de-extincao.jpg\" alt=\"tartaruga marinha nadando no mar com os peixes, uma esp\u00e9cie amea\u00e7ada de extin\u00e7\u00e3o.\" width=\"750\" height=\"450\" title=\"\" srcset=\"https:\/\/www.petz.com.br\/blog\/wp-content\/uploads\/2019\/12\/especies-ameacadas-de-extincao.jpg 750w, https:\/\/www.petz.com.br\/blog\/wp-content\/uploads\/2019\/12\/especies-ameacadas-de-extincao-300x180.jpg 300w\" sizes=\"(max-width: 750px) 100vw, 750px\" \/><\/p>\n<p><span style=\"font-weight: 400;\">Por\u00e9m, mesmo com a piora de alguns \u00edndices ambientais recentes, ainda existem raz\u00f5es para acreditar que essa lista de animais extintos<\/span> <span style=\"font-weight: 400;\">ir\u00e1 diminuir cada vez mais!<\/span><\/p>\n<p><span style=\"font-weight: 400;\">Gra\u00e7as ao trabalho em equipe de pesquisadores, bi\u00f3logos e outros profissionais ligados ao meio ambiente, diversos animais que estavam prestes a desaparecer j\u00e1 se encontram em situa\u00e7\u00e3o de menor vulnerabilidade. A seguir, conhe\u00e7a algumas esp\u00e9cies que ficar\u00e3o conosco na Terra por mais tempo.<\/span><\/p>\n<h2><span style=\"font-weight: 400;\">1. Esp\u00e9cie em perigo: arara-azul\u00a0<\/span><\/h2>\n<ul>\n<li aria-level=\"1\"><b>Nome cient\u00edfico: <\/b><b><i>Anodorhynchus hyacinthinu<\/i><\/b><\/li>\n<\/ul>\n<p><span style=\"font-weight: 400;\">Maior esp\u00e9cie entre os psitac\u00eddeos, a arara-azul chama a aten\u00e7\u00e3o pela beleza, pelo tamanho e pelo comportamento alegre. Justamente pela exuber\u00e2ncia, ela entrou na <\/span><b>lista de esp\u00e9cies amea\u00e7adas de extin\u00e7\u00e3o<\/b><span style=\"font-weight: 400;\">.\u00a0<\/span><\/p>\n<p><span style=\"font-weight: 400;\">Al\u00e9m da destrui\u00e7\u00e3o do habitat, o <\/span><a href=\"https:\/\/www.petz.com.br\/blog\/trafico-de-animais\/\"><span style=\"font-weight: 400;\">tr\u00e1fico de animais<\/span><\/a><span style=\"font-weight: 400;\"> \u00e9 outra causa que influencia a diminui\u00e7\u00e3o do n\u00famero de indiv\u00edduos da esp\u00e9cie. Em 1999, podiam ser encontradas apenas 1.500 araras-azuis na regi\u00e3o do Pantanal.<\/span><\/p>\n<p><span style=\"font-weight: 400;\">A recupera\u00e7\u00e3o da esp\u00e9cie vem acontecendo gra\u00e7as ao Projeto Arara-Azul, fundado pela bi\u00f3loga Neiva Guedes. Os trabalhos s\u00e3o realizados por meio do monitoramento de ninhos naturais, da instala\u00e7\u00e3o de ninhos artificiais e do acompanhamento tanto de filhotes quanto de aves adultas em fase de reprodu\u00e7\u00e3o.\u00a0<\/span><\/p>\n<p><span style=\"font-weight: 400;\">Por meio de a\u00e7\u00f5es educativas, o projeto aumentou bastante o n\u00famero de indiv\u00edduos da esp\u00e9cie. Hoje em dia, existem mais de 5 mil araras-azuis na regi\u00e3o do Pantanal.\u00a0<\/span><\/p>\n<h2><img decoding=\"async\" class=\"alignnone size-full wp-image-2453731\" src=\"https:\/\/www.petz.com.br\/blog\/wp-content\/uploads\/2019\/12\/especies-ameacadas-de-extincao-3.jpg\" alt=\"arara-azul olhando para a c\u00e2mera, uma esp\u00e9cie amea\u00e7ada de extin\u00e7\u00e3o.  \" width=\"718\" height=\"482\" title=\"\" srcset=\"https:\/\/www.petz.com.br\/blog\/wp-content\/uploads\/2019\/12\/especies-ameacadas-de-extincao-3.jpg 718w, https:\/\/www.petz.com.br\/blog\/wp-content\/uploads\/2019\/12\/especies-ameacadas-de-extincao-3-300x201.jpg 300w\" sizes=\"(max-width: 718px) 100vw, 718px\" \/><\/h2>\n<h2><span style=\"font-weight: 400;\">2. Animal amea\u00e7ado de extin\u00e7\u00e3o: mico-le\u00e3o-dourado<\/span><\/h2>\n<ul>\n<li aria-level=\"1\"><b>Nome cient\u00edfico: <\/b><b><i>Leontopithecus rosalia<\/i><\/b><\/li>\n<\/ul>\n<p><span style=\"font-weight: 400;\">Original da Mata Atl\u00e2ntica, o mico-le\u00e3o-dourado costumava ser visto em todo o litoral fluminense at\u00e9 o estado do Esp\u00edrito Santo. Com a urbaniza\u00e7\u00e3o e consequente destrui\u00e7\u00e3o do habitat, o n\u00famero de indiv\u00edduos da esp\u00e9cie caiu: nos anos 70, chegou a apenas 200.\u00a0<\/span><\/p>\n<p><span style=\"font-weight: 400;\">A partir da\u00ed, o primata chamou a aten\u00e7\u00e3o do mundo todo. Logo, iniciaram trabalhos de conserva\u00e7\u00e3o para que ele n\u00e3o se tornasse mais um animal na lista de <\/span><a href=\"https:\/\/www.petz.com.br\/blog\/especies\/\"><span style=\"font-weight: 400;\">esp\u00e9cies<\/span><\/a><span style=\"font-weight: 400;\"> amea\u00e7adas de extin\u00e7\u00e3o. Hoje, existem cerca de 2 mil animais na natureza.\u00a0<\/span><\/p>\n<p><span style=\"font-weight: 400;\">O primeiro passo foi dado com a cria\u00e7\u00e3o da Reserva Biol\u00f3gica de Po\u00e7o das Antas, em 1974. Primeira iniciativa do g\u00eanero feita no Brasil, ela foi fundamental para ajudar na recupera\u00e7\u00e3o das <\/span><b>esp\u00e9cies extintas<\/b><span style=\"font-weight: 400;\">.\u00a0\u00a0<\/span><\/p>\n<p><span style=\"font-weight: 400;\">Os micos dependem de espa\u00e7os amplos para n\u00e3o sofrerem com a superpopula\u00e7\u00e3o, que acarreta falta de alimento e consanguinidade. Al\u00e9m disso, entidades ligadas \u00e0 causa realizam trabalhos de monitoramento de <\/span><b>animais extintos pelo homem<\/b><span style=\"font-weight: 400;\">.\u00a0<\/span><\/p>\n<h2><span style=\"font-weight: 400;\">3. Esp\u00e9cie quase em extin\u00e7\u00e3o: jacar\u00e9-de-papo-amarelo<\/span><\/h2>\n<ul>\n<li aria-level=\"1\"><b>Nome cient\u00edfico: <\/b><b><i>Caiman latirostris<\/i><\/b><\/li>\n<\/ul>\n<p><span style=\"font-weight: 400;\">Distribu\u00edda em rios, mangues e \u00e1reas alag\u00e1veis da Argentina, da Bol\u00edvia, do Brasil, do Paraguai e do Uruguai, 70% da popula\u00e7\u00e3o total de jacar\u00e9-de-papo-amarelo est\u00e1 concentrada em territ\u00f3rio nacional.\u00a0<\/span><\/p>\n<p><span style=\"font-weight: 400;\">No Brasil, o perigo enfrentado por ele, considerado como uma das <\/span><b>esp\u00e9cies em extin\u00e7\u00e3o <\/b><span style=\"font-weight: 400;\">nacional, est\u00e1 associado principalmente \u00e0s atividades socioecon\u00f4micas. A esp\u00e9cie est\u00e1 presente nas \u00e1reas mais populosas do pa\u00eds, implicando redu\u00e7\u00e3o e altera\u00e7\u00e3o do habitat.\u00a0<\/span><\/p>\n<p><span style=\"font-weight: 400;\">Com a ca\u00e7a intensiva, nos anos 80, havia apenas 2 mil indiv\u00edduos. A recupera\u00e7\u00e3o da esp\u00e9cie vem acontecendo, em parte, pela a\u00e7\u00e3o dos pr\u00f3prios animais, que fugiram para regi\u00f5es mais afastadas.\u00a0<\/span><\/p>\n<p><span style=\"font-weight: 400;\">No entanto, a cria\u00e7\u00e3o de Unidades de Conserva\u00e7\u00e3o Federal tamb\u00e9m contribui para o aumento expressivo da popula\u00e7\u00e3o de jacar\u00e9s-de-papo-amarelo. Hoje, a esp\u00e9cie j\u00e1 conta com mais de 20 mil indiv\u00edduos.<\/span><\/p>\n<h2><span style=\"font-weight: 400;\">4. Animais frequentemente amea\u00e7ados: tartarugas marinhas<\/span><\/h2>\n<p><span style=\"font-weight: 400;\">Quatro das cinco esp\u00e9cies de tartarugas marinhas encontradas no Brasil j\u00e1 estiveram entre os principais <\/span><b>animais extintos no mundo<\/b><span style=\"font-weight: 400;\">. S\u00e3o elas:\u00a0<\/span><\/p>\n<ul>\n<li style=\"font-weight: 400;\" aria-level=\"1\"><span style=\"font-weight: 400;\">tartaruga-cabe\u00e7uda (<\/span><i><span style=\"font-weight: 400;\">Caretta caretta<\/span><\/i><span style=\"font-weight: 400;\">);\u00a0<\/span><\/li>\n<li style=\"font-weight: 400;\" aria-level=\"1\"><span style=\"font-weight: 400;\">tartaruga-de-pente (<\/span><i><span style=\"font-weight: 400;\">Eretmochelys imbricata<\/span><\/i><span style=\"font-weight: 400;\">);\u00a0<\/span><\/li>\n<li style=\"font-weight: 400;\" aria-level=\"1\"><span style=\"font-weight: 400;\">tartaruga-oliva (<\/span><i><span style=\"font-weight: 400;\">Lepidochelys olivacea<\/span><\/i><span style=\"font-weight: 400;\">),\u00a0\u00a0<\/span><\/li>\n<li style=\"font-weight: 400;\" aria-level=\"1\"><span style=\"font-weight: 400;\">tartaruga-de-couro (<\/span><i><span style=\"font-weight: 400;\">Dermochelys coriacea<\/span><\/i><span style=\"font-weight: 400;\">).\u00a0<\/span><\/li>\n<\/ul>\n<p><span style=\"font-weight: 400;\">Al\u00e9m da polui\u00e7\u00e3o do mar, a ca\u00e7a de tartarugas para consumo da carne e dos ovos colocou o animal como uma das esp\u00e9cies amea\u00e7adas de extin\u00e7\u00e3o nos anos 80. Na \u00e9poca, essa pr\u00e1tica era muito comum em comunidades costeiras.<\/span><\/p>\n<p><span style=\"font-weight: 400;\">A hist\u00f3ria das tartarugas marinhas no Brasil come\u00e7ou a mudar com o famoso Projeto Tamar. Tamb\u00e9m criado nos anos 80, o projeto vem trabalhando em pesquisas, monitoramento e manejo das esp\u00e9cies, conserva\u00e7\u00e3o do habitat e conscientiza\u00e7\u00e3o da popula\u00e7\u00e3o a respeito das tartarugas.\u00a0<\/span><\/p>\n<p><span style=\"font-weight: 400;\">Outro ponto fundamental para o sucesso do projeto foi o trabalho de apoio no desenvolvimento das comunidades costeiras, com a implanta\u00e7\u00e3o de alternativas econ\u00f4micas que melhorassem a condi\u00e7\u00e3o de vida das pessoas. Isso desestimulou a ca\u00e7a das tartarugas para a alimenta\u00e7\u00e3o.\u00a0<\/span><\/p>\n<p><span style=\"font-weight: 400;\">Viu s\u00f3 como a a\u00e7\u00e3o coletiva faz a diferen\u00e7a para os animais e para o meio ambiente? Voc\u00ea tamb\u00e9m pode fazer a sua parte no dia a dia com pequenas atitudes, como recolher o lixo na praia, reduzir o uso de pl\u00e1stico e at\u00e9 contribuir com ONGs ligadas \u00e0 causa por meio de doa\u00e7\u00f5es espor\u00e1dicas ou mensais.<\/span><\/p>\n<p><img decoding=\"async\" class=\"alignnone size-full wp-image-2453732\" src=\"https:\/\/www.petz.com.br\/blog\/wp-content\/uploads\/2019\/12\/especies-ameacadas-de-extincao-2.jpg\" alt=\"tartaruga marinha nadando no mar, uma esp\u00e9cie amea\u00e7ada de extin\u00e7\u00e3o. \" width=\"750\" height=\"450\" title=\"\" srcset=\"https:\/\/www.petz.com.br\/blog\/wp-content\/uploads\/2019\/12\/especies-ameacadas-de-extincao-2.jpg 750w, https:\/\/www.petz.com.br\/blog\/wp-content\/uploads\/2019\/12\/especies-ameacadas-de-extincao-2-300x180.jpg 300w, https:\/\/www.petz.com.br\/blog\/wp-content\/uploads\/2019\/12\/especies-ameacadas-de-extincao-2-150x90.jpg 150w\" sizes=\"(max-width: 750px) 100vw, 750px\" \/><\/p>\n<p><span style=\"font-weight: 400;\">Caso ainda tenha d\u00favidas em rela\u00e7\u00e3o \u00e0s esp\u00e9cies amea\u00e7adas de extin\u00e7\u00e3o, saiba que os especialistas da <\/span><a href=\"https:\/\/www.petz.com.br\/\"><span style=\"font-weight: 400;\">Petz<\/span><\/a><span style=\"font-weight: 400;\"> v\u00e3o adorar explicar tudo sobre elas. Continue acompanhando os conte\u00fados do blog e fa\u00e7a uma visita \u00e0 loja mais pr\u00f3xima de voc\u00ea!\u00a0<\/span><\/p>\n","protected":false},"excerpt":{"rendered":"<p>Sabemos que as a\u00e7\u00f5es do homem sobre o meio ambiente s\u00e3o as principais causas de [&hellip;]<\/p>\n","protected":false},"author":24,"featured_media":2453732,"comment_status":"open","ping_status":"closed","sticky":false,"template":"","format":"standard","meta":{"_acf_changed":false,"footnotes":""},"categories":[402,521,520,53],"tags":[],"class_list":["post-2442335","post","type-post","status-publish","format-standard","has-post-thumbnail","hentry","category-pets","category-curiosidades","category-repteis","category-safari"],"acf":[],"_links":{"self":[{"href":"https:\/\/www.petz.com.br\/blog\/wp-json\/wp\/v2\/posts\/2442335","targetHints":{"allow":["GET"]}}],"collection":[{"href":"https:\/\/www.petz.com.br\/blog\/wp-json\/wp\/v2\/posts"}],"about":[{"href":"https:\/\/www.petz.com.br\/blog\/wp-json\/wp\/v2\/types\/post"}],"author":[{"embeddable":true,"href":"https:\/\/www.petz.com.br\/blog\/wp-json\/wp\/v2\/users\/24"}],"replies":[{"embeddable":true,"href":"https:\/\/www.petz.com.br\/blog\/wp-json\/wp\/v2\/comments?post=2442335"}],"version-history":[{"count":0,"href":"https:\/\/www.petz.com.br\/blog\/wp-json\/wp\/v2\/posts\/2442335\/revisions"}],"wp:featuredmedia":[{"embeddable":true,"href":"https:\/\/www.petz.com.br\/blog\/wp-json\/wp\/v2\/media\/2453732"}],"wp:attachment":[{"href":"https:\/\/www.petz.com.br\/blog\/wp-json\/wp\/v2\/media?parent=2442335"}],"wp:term":[{"taxonomy":"category","embeddable":true,"href":"https:\/\/www.petz.com.br\/blog\/wp-json\/wp\/v2\/categories?post=2442335"},{"taxonomy":"post_tag","embeddable":true,"href":"https:\/\/www.petz.com.br\/blog\/wp-json\/wp\/v2\/tags?post=2442335"}],"curies":[{"name":"wp","href":"https:\/\/api.w.org\/{rel}","templated":true}]}}