{"id":2442949,"date":"2020-02-18T17:00:35","date_gmt":"2020-02-18T20:00:35","guid":{"rendered":"https:\/\/www.dicaspetz.com.br\/blog\/?p=2442949"},"modified":"2025-11-27T11:49:07","modified_gmt":"2025-11-27T14:49:07","slug":"disfuncao-cognitiva-canina","status":"publish","type":"post","link":"https:\/\/www.petz.com.br\/blog\/disfuncao-cognitiva-canina\/","title":{"rendered":"Disfun\u00e7\u00e3o cognitiva canina: voc\u00ea j\u00e1 ouviu falar dela?"},"content":{"rendered":"<p><span style=\"font-weight: 400;\">Ao contr\u00e1rio do que muitos pensam, alguns sinais n\u00e3o indicam apenas que um pet se tornou rabugento por causa da idade. Eles podem estar associados a um problema muito mais s\u00e9rio, embora ainda pouco diagnosticado: a <\/span><b>disfun\u00e7\u00e3o cognitiva canina<\/b><span style=\"font-weight: 400;\">.<\/span><\/p>\n<p><a href=\"https:\/\/www.petz.com.br\/blog\/wp-content\/uploads\/2020\/02\/disfuncao-cognitiva-cachorro.jpg\"><img decoding=\"async\" class=\"alignnone size-full wp-image-2442953\" src=\"https:\/\/www.petz.com.br\/blog\/wp-content\/uploads\/2020\/02\/disfuncao-cognitiva-cachorro.jpg\" alt=\"cachorro-sol\" width=\"718\" height=\"482\" title=\"\" srcset=\"https:\/\/www.petz.com.br\/blog\/wp-content\/uploads\/2020\/02\/disfuncao-cognitiva-cachorro.jpg 718w, https:\/\/www.petz.com.br\/blog\/wp-content\/uploads\/2020\/02\/disfuncao-cognitiva-cachorro-300x201.jpg 300w\" sizes=\"(max-width: 718px) 100vw, 718px\" \/><\/a><\/p>\n<p><span style=\"font-weight: 400;\">Um bom exemplo \u00e9 quando ele n\u00e3o obedece mais a comandos j\u00e1 aprendidos, faz xixi no lugar errado e parece perdido. Quer saber o que de fato est\u00e1 acontecendo? Acompanhe mais informa\u00e7\u00f5es sobre o assunto!<\/span><\/p>\n<h2><span style=\"font-weight: 400;\">O que \u00e9 a disfun\u00e7\u00e3o cognitiva canina?<\/span><\/h2>\n<p><span style=\"font-weight: 400;\">Quem explica \u00e9 a m\u00e9dica-veterin\u00e1ria da Petz, Dra. Juliana Bondino: \u201ca <\/span><b>s\u00edndrome da disfun\u00e7\u00e3o cognitiva canina<\/b><span style=\"font-weight: 400;\"> \u00e9 uma doen\u00e7a do sistema nervoso central que acomete o c\u00e9rebro dos animais idosos\u201d. Muito sobre a s\u00edndrome ainda n\u00e3o foi desvendado pela medicina.<\/span><\/p>\n<p><span style=\"font-weight: 400;\">Segundo a especialista, ela causa um conjunto de sinais que alteram o aprendizado, a intera\u00e7\u00e3o e a resposta a est\u00edmulos. Al\u00e9m disso, de acordo com alguns relatos, tamb\u00e9m pode afetar a mem\u00f3ria do cachorro.<\/span><\/p>\n<h2><span style=\"font-weight: 400;\">Cachorros idosos s\u00e3o o principal grupo de risco<\/span><\/h2>\n<p><span style=\"font-weight: 400;\">Por conta de suas caracter\u00edsticas, a disfun\u00e7\u00e3o cognitiva canina \u00e9 muito comparada \u00e0 doen\u00e7a de Alzheimer. E assim como a condi\u00e7\u00e3o que atinge os humanos, a s\u00edndrome canina tamb\u00e9m afeta mais os <\/span><a href=\"https:\/\/www.petz.com.br\/blog\/cao-idoso-cuidados-especiais-para-quem-ja-comemorou-muitas-primaveras\/\"><span style=\"font-weight: 400;\">c\u00e3es idosos<\/span><\/a><span style=\"font-weight: 400;\">.<\/span><\/p>\n<p><span style=\"font-weight: 400;\">Nesse sentido, \u00e9 importante lembrar que o envelhecimento dos cachorros segue um ritmo diferente <\/span><span style=\"font-weight: 400;\">de acordo com o porte<\/span><span style=\"font-weight: 400;\">. Isso porque, quanto maior \u00e9 o pet, mais r\u00e1pido \u00e9 o seu envelhecimento.<\/span><\/p>\n<p><a href=\"https:\/\/www.petz.com.br\/blog\/wp-content\/uploads\/2020\/02\/disfuncao-cognitiva-canina-1.jpg\"><img decoding=\"async\" class=\"alignnone size-full wp-image-2442952\" src=\"https:\/\/www.petz.com.br\/blog\/wp-content\/uploads\/2020\/02\/disfuncao-cognitiva-canina-1.jpg\" alt=\"cachorro-deitado\" width=\"718\" height=\"482\" title=\"\" srcset=\"https:\/\/www.petz.com.br\/blog\/wp-content\/uploads\/2020\/02\/disfuncao-cognitiva-canina-1.jpg 718w, https:\/\/www.petz.com.br\/blog\/wp-content\/uploads\/2020\/02\/disfuncao-cognitiva-canina-1-300x201.jpg 300w\" sizes=\"(max-width: 718px) 100vw, 718px\" \/><\/a><\/p>\n<h2><span style=\"font-weight: 400;\">Sintomas da disfun\u00e7\u00e3o cognitiva canina<\/span><\/h2>\n<p><span style=\"font-weight: 400;\">De acordo com a Dra. Juliana, existe um fator que complica bastante o diagn\u00f3stico da <\/span><b>DCC<\/b><span style=\"font-weight: 400;\">. O fato de muitos dos sintomas serem vistos como normais em c\u00e3es idosos \u00e9 muito comum. No entanto, fique atento se o pet apresentar alguns destes sinais:<\/span><\/p>\n<ul>\n<li style=\"font-weight: 400;\"><span style=\"font-weight: 400;\">Altera\u00e7\u00e3o da rotina de sono;<\/span><\/li>\n<li style=\"font-weight: 400;\"><span style=\"font-weight: 400;\">Xixi e coc\u00f4 em locais fora do comum;<\/span><\/li>\n<li style=\"font-weight: 400;\"><span style=\"font-weight: 400;\">Diminui\u00e7\u00e3o da orienta\u00e7\u00e3o \u2014 pet perdido pela casa;<\/span><\/li>\n<li style=\"font-weight: 400;\"><span style=\"font-weight: 400;\">Mudan\u00e7a de comportamento com o tutor,<\/span><\/li>\n<li style=\"font-weight: 400;\"><span style=\"font-weight: 400;\">Esquecimento de comandos aprendidos.<\/span><\/li>\n<\/ul>\n<p><span style=\"font-weight: 400;\">Em caso de suspeita de disfun\u00e7\u00e3o cognitiva canina, leve seu filho de quatro patas ao veterin\u00e1rio quanto antes!<\/span><\/p>\n<h2><span style=\"font-weight: 400;\">Diagn\u00f3stico e tratamento<\/span><\/h2>\n<p><span style=\"font-weight: 400;\">Conforme explica a veterin\u00e1ria, o diagn\u00f3stico da <\/span><b>SDCC<\/b><span style=\"font-weight: 400;\"> \u00e9 realizado com base no hist\u00f3rico do pet e nos sinais cl\u00ednicos. Al\u00e9m disso, \u00e9 importante descartar outras doen\u00e7as que possam estar causando as altera\u00e7\u00f5es.<\/span><\/p>\n<p><span style=\"font-weight: 400;\">O especialista mais indicado para a avalia\u00e7\u00e3o do cachorro em caso de suspeita da doen\u00e7a \u00e9 o m\u00e9dico-veterin\u00e1rio neurologista.<\/span><\/p>\n<p><span style=\"font-weight: 400;\">Vale ressaltar que n\u00e3o existe cura para o <\/span><b>alzheimer canino<\/b><span style=\"font-weight: 400;\">.<\/span><\/p>\n<p><span style=\"font-weight: 400;\">\u201cO que pode ser feito \u00e9 o retardamento da s\u00edndrome por meio de mudan\u00e7as na dieta, uso vitaminas espec\u00edficas, antioxidantes e o <\/span><b>medicamento de disfun\u00e7\u00e3o cognitiva canina<\/b><span style=\"font-weight: 400;\">. Outro fator positivo \u00e9 o enriquecimento ambiental e mudan\u00e7as no manejo do pet\u201d, esclarece a especialista.<\/span><\/p>\n<p><span style=\"font-weight: 400;\">Portanto, n\u00e3o se esque\u00e7a de levar regularmente seu c\u00e3ozinho ao veterin\u00e1rio para check-ups de rotina!<\/span><\/p>\n<p>Confira mais sobre o &#8220;Alzheimer&#8221; canino, com o v\u00eddeo da Petz TV:<\/p>\n<p><iframe title=\"Tudo sobre a S\u00edndrome de Disfun\u00e7\u00e3o Cognitiva, o Alzheimer Canino | Petz TV Cuidados\" width=\"500\" height=\"281\" src=\"https:\/\/www.youtube.com\/embed\/ti9vck4FsX4?feature=oembed\" frameborder=\"0\" allow=\"accelerometer; autoplay; clipboard-write; encrypted-media; gyroscope; picture-in-picture; web-share\" referrerpolicy=\"strict-origin-when-cross-origin\" allowfullscreen><\/iframe><\/p>\n<p><span style=\"font-weight: 400;\">Agora voc\u00ea j\u00e1 sabe tudo sobre a disfun\u00e7\u00e3o cognitiva canina. Quer ficar por dentro de mais informa\u00e7\u00f5es sobre a sa\u00fade e o bem-estar do seu amigo de quatro patas? \u00c9 s\u00f3 conferir mais publica\u00e7\u00f5es no blog da <\/span><a href=\"https:\/\/www.petz.com.br\/blog\/\"><span style=\"font-weight: 400;\">Petz<\/span><\/a><span style=\"font-weight: 400;\">. Acompanhe nossas novidades!<\/span><\/p>\n","protected":false},"excerpt":{"rendered":"<p>Ao contr\u00e1rio do que muitos pensam, alguns sinais n\u00e3o indicam apenas que um pet se [&hellip;]<\/p>\n","protected":false},"author":24,"featured_media":2442951,"comment_status":"open","ping_status":"closed","sticky":false,"template":"","format":"standard","meta":{"_acf_changed":false,"footnotes":""},"categories":[71,17,385,1022,986,402,483],"tags":[],"class_list":["post-2442949","post","type-post","status-publish","format-standard","has-post-thumbnail","hentry","category-bem-estar","category-caes","category-caes-bem-estar","category-casa","category-doencas","category-pets","category-saude-e-cuidados"],"acf":[],"_links":{"self":[{"href":"https:\/\/www.petz.com.br\/blog\/wp-json\/wp\/v2\/posts\/2442949","targetHints":{"allow":["GET"]}}],"collection":[{"href":"https:\/\/www.petz.com.br\/blog\/wp-json\/wp\/v2\/posts"}],"about":[{"href":"https:\/\/www.petz.com.br\/blog\/wp-json\/wp\/v2\/types\/post"}],"author":[{"embeddable":true,"href":"https:\/\/www.petz.com.br\/blog\/wp-json\/wp\/v2\/users\/24"}],"replies":[{"embeddable":true,"href":"https:\/\/www.petz.com.br\/blog\/wp-json\/wp\/v2\/comments?post=2442949"}],"version-history":[{"count":0,"href":"https:\/\/www.petz.com.br\/blog\/wp-json\/wp\/v2\/posts\/2442949\/revisions"}],"wp:featuredmedia":[{"embeddable":true,"href":"https:\/\/www.petz.com.br\/blog\/wp-json\/wp\/v2\/media\/2442951"}],"wp:attachment":[{"href":"https:\/\/www.petz.com.br\/blog\/wp-json\/wp\/v2\/media?parent=2442949"}],"wp:term":[{"taxonomy":"category","embeddable":true,"href":"https:\/\/www.petz.com.br\/blog\/wp-json\/wp\/v2\/categories?post=2442949"},{"taxonomy":"post_tag","embeddable":true,"href":"https:\/\/www.petz.com.br\/blog\/wp-json\/wp\/v2\/tags?post=2442949"}],"curies":[{"name":"wp","href":"https:\/\/api.w.org\/{rel}","templated":true}]}}