{"id":2451492,"date":"2021-08-09T12:00:55","date_gmt":"2021-08-09T15:00:55","guid":{"rendered":"https:\/\/www.petz.com.br\/blog\/?p=2451492"},"modified":"2025-11-27T13:48:37","modified_gmt":"2025-11-27T16:48:37","slug":"como-plantar-cafe","status":"publish","type":"post","link":"https:\/\/www.petz.com.br\/blog\/como-plantar-cafe\/","title":{"rendered":"Como plantar caf\u00e9 e cultiv\u00e1-lo em casa"},"content":{"rendered":"<p><span style=\"font-weight: 400;\">Voc\u00ea j\u00e1 se perguntou <\/span><b>como plantar caf\u00e9<\/b><span style=\"font-weight: 400;\">? Caso ame essa bebida, com certeza, vai querer saber como ter os gr\u00e3os na sua casa. Embora n\u00e3o pare\u00e7a, cultiv\u00e1-lo em casa \u00e9 uma tarefa relativamente simples. Assim, voc\u00ea pode ter o fruto bem pertinho, a qualquer momento.<\/span><\/p>\n<p><a href=\"https:\/\/www.petz.com.br\/blog\/wp-content\/uploads\/2021\/08\/como-plantar-cafe.jpg\"><img decoding=\"async\" class=\"alignnone size-full wp-image-2451495\" src=\"https:\/\/www.petz.com.br\/blog\/wp-content\/uploads\/2021\/08\/como-plantar-cafe.jpg\" alt=\"pessoa segurando x\u00edcara de caf\u00e9\" width=\"718\" height=\"482\" title=\"\" srcset=\"https:\/\/www.petz.com.br\/blog\/wp-content\/uploads\/2021\/08\/como-plantar-cafe.jpg 718w, https:\/\/www.petz.com.br\/blog\/wp-content\/uploads\/2021\/08\/como-plantar-cafe-300x201.jpg 300w\" sizes=\"(max-width: 718px) 100vw, 718px\" \/><\/a><\/p>\n<p><span style=\"font-weight: 400;\">Al\u00e9m disso, a esp\u00e9cie \u00e9 f\u00e1cil de cuidar e tem um aspecto bonito, que vai combinar muito bem com o seu ambiente. Ali\u00e1s, comece a <\/span><b>cultivar caf\u00e9<\/b><span style=\"font-weight: 400;\"> com esse objetivo, pois o fruto leva algum tempo para aparecer. Continue neste artigo e saiba mais sobre esse assunto.<\/span><\/p>\n<h2><span style=\"font-weight: 400;\">Como plantar caf\u00e9 em vaso?<\/span><\/h2>\n<p><span style=\"font-weight: 400;\">Para come\u00e7ar, vamos falar sobre <\/span><b>como plantar caf\u00e9 em vaso<\/b><span style=\"font-weight: 400;\">. Assim, voc\u00ea vai ter uma op\u00e7\u00e3o decorativa para a sua casa e pode colher os frutos no futuro.\u00a0<\/span><\/p>\n<p><span style=\"font-weight: 400;\">A primeira coisa a fazer \u00e9 separar as sementes. Embora a plantinha d\u00ea frutos bem bonitos, plant\u00e1-los s\u00f3 resulta em novas mudas se voc\u00ea escolher os gr\u00e3os certos para isso. Por\u00e9m, em um primeiro momento, \u00e9 melhor compr\u00e1-las mesmo.<\/span><\/p>\n<p><span style=\"font-weight: 400;\">Voc\u00ea pode come\u00e7ar a <\/span><b>plantar caf\u00e9<\/b><span style=\"font-weight: 400;\"> em um vaso pequeno. O ideal \u00e9 realizar a semeadura na primavera ou at\u00e9 o meio do ver\u00e3o. Assim, voc\u00ea garante uma temperatura legal para a verdinha se desenvolver.<\/span><\/p>\n<p><a href=\"https:\/\/www.petz.com.br\/blog\/wp-content\/uploads\/2021\/08\/como-plantar-cafe3.jpg\"><img decoding=\"async\" class=\"alignnone size-full wp-image-2451493\" src=\"https:\/\/www.petz.com.br\/blog\/wp-content\/uploads\/2021\/08\/como-plantar-cafe3.jpg\" alt=\"vasos\" width=\"718\" height=\"482\" title=\"\" srcset=\"https:\/\/www.petz.com.br\/blog\/wp-content\/uploads\/2021\/08\/como-plantar-cafe3.jpg 718w, https:\/\/www.petz.com.br\/blog\/wp-content\/uploads\/2021\/08\/como-plantar-cafe3-300x201.jpg 300w\" sizes=\"(max-width: 718px) 100vw, 718px\" \/><\/a><\/p>\n<p><span style=\"font-weight: 400;\">Em uma temperatura m\u00e9dia de 20\u00b0C, realize o plantio para seu caf\u00e9 come\u00e7ar a crescer. Tenha paci\u00eancia! A germina\u00e7\u00e3o vai levar por volta de 60 dias.<\/span><\/p>\n<h3><span style=\"font-weight: 400;\">Germina\u00e7\u00e3o que d\u00e1 certo<\/span><\/h3>\n<p><span style=\"font-weight: 400;\">Acrescente a semente a uma profundidade de 0,5 cm. Para que tudo d\u00ea certo, e sua plantinha fique linda, \u00e9 preciso <\/span><a href=\"https:\/\/www.petz.com.br\/blog\/tipos-de-adubo\/\"><span style=\"font-weight: 400;\">nutrir a terra<\/span><\/a><span style=\"font-weight: 400;\"> \u2014 essa fase \u00e9 crucial para o desenvolvimento do caf\u00e9. Al\u00e9m disso, ofere\u00e7a \u00e1gua e calor.<\/span><\/p>\n<p><span style=\"font-weight: 400;\">O <\/span><b>clima para cultivo de caf\u00e9 <\/b><span style=\"font-weight: 400;\">precisa ser semelhante ao das florestas tropicais. Por isso, \u00e9 recomendado deixar a planta exposta ao sol. Entretanto, \u00e9 fundamental lembrar que a mudinha precisa ser hidratada com frequ\u00eancia, evitando que seque.<\/span><\/p>\n<h2><span style=\"font-weight: 400;\">Como plantar caf\u00e9 no quintal?<\/span><\/h2>\n<p><span style=\"font-weight: 400;\">Ap\u00f3s a cria\u00e7\u00e3o da mudinha no vaso, quem tem um quintal pode querer mov\u00ea-la para essa \u00e1rea verde. Ent\u00e3o, vamos falar um pouco sobre <\/span><b>como plantar caf\u00e9 no quintal<\/b><span style=\"font-weight: 400;\">.<\/span><\/p>\n<p><span style=\"font-weight: 400;\">Tamb\u00e9m \u00e9 poss\u00edvel cultiv\u00e1-la diretamente no solo. Ent\u00e3o, vale ressaltar que os <\/span><b>tipos de solos adequados para se plantar caf\u00e9 <\/b><span style=\"font-weight: 400;\">s\u00e3o devidamente adubados, com profundidade m\u00ednima de um metro e drenagem boa.\u00a0<\/span><\/p>\n<p><span style=\"font-weight: 400;\">Escolha plantar as suas mudinhas em um per\u00edodo com mais chuvas. Assim, elas estar\u00e3o sempre \u00famidas e ir\u00e3o se desenvolver em um clima semelhante ao das lavouras. Quando elas crescerem, voc\u00ea vai ver que valeu a pena esperar!<\/span><\/p>\n<h2><span style=\"font-weight: 400;\">Quando vou colher o meu caf\u00e9?<\/span><\/h2>\n<p><span style=\"font-weight: 400;\">Agora que voc\u00ea sabe <\/span><b>como plantar caf\u00e9 org\u00e2nico<\/b><span style=\"font-weight: 400;\">,<\/span> <span style=\"font-weight: 400;\">resta conhecer quando ser\u00e1 a colheita. Seu cafeeiro ir\u00e1 germinar em pouco mais de dois meses, por\u00e9m, os frutos v\u00e3o come\u00e7ar a aparecer entre quatro e cinco anos.<\/span><\/p>\n<p><span style=\"font-weight: 400;\">Apesar de longo, o tempo de espera ser\u00e1 compensador. Quem aprende como plantar caf\u00e9 descobre que cuidar da plantinha \u00e9 um prazer. O momento em que ela \u00e9 plantada, os cuidados com o solo e a recep\u00e7\u00e3o das primeiras folhinhas s\u00e3o compensadores.<\/span><\/p>\n<p><span style=\"font-weight: 400;\">Ent\u00e3o, aprender como plantar caf\u00e9 pode ser transformador. Todo o processo acaba se tornando uma terapia. Al\u00e9m disso, voc\u00ea ter\u00e1 uma arvorezinha que deixa um cheiro gostoso e ilumina qualquer ambiente.<\/span><\/p>\n<h2><span style=\"font-weight: 400;\">Quais s\u00e3o os principais tipos de caf\u00e9?<\/span><\/h2>\n<p><span style=\"font-weight: 400;\">O cafeeiro \u00e9 ex\u00f3tico, e existem diversas esp\u00e9cies. No entanto, \u00e9 comum cultivar e comercializar apenas duas: a ar\u00e1bica e a robusta. Vamos saber um pouquinho mais sobre elas?<\/span><\/p>\n<h3><span style=\"font-weight: 400;\">Caf\u00e9 Robusta<\/span><\/h3>\n<p><span style=\"font-weight: 400;\">O caf\u00e9 robusta tem um sabor mais acentuado, com uma concentra\u00e7\u00e3o mais alta de cafe\u00edna. Por isso, \u00e9 o mais procurado por quem gosta de um gosto mais voltado para o amargo.<\/span><\/p>\n<p><span style=\"font-weight: 400;\">Conhecida como <\/span><i><span style=\"font-weight: 400;\">Coffea canephora<\/span><\/i><span style=\"font-weight: 400;\">, essa \u00e9 uma das <\/span><a href=\"https:\/\/www.petz.com.br\/blog\/plantas\/\"><span style=\"font-weight: 400;\">plantas<\/span><\/a><span style=\"font-weight: 400;\"> de caf\u00e9 mais cultivadas aqui, no nosso pa\u00eds. Isso porque ela se adapta bem a regi\u00f5es com clima quente e \u00famido. Al\u00e9m disso, \u00e9 mais resistente contra os ataques de pragas.\u00a0<\/span><\/p>\n<h3><span style=\"font-weight: 400;\">Caf\u00e9 Ar\u00e1bica<\/span><\/h3>\n<p><span style=\"font-weight: 400;\">Este tipo vem das montanhas mais altas da Eti\u00f3pia. Portanto, a qualidade dos gr\u00e3os produzidos est\u00e3o relacionados \u00e0 altitude da lavoura. Ent\u00e3o, caso voc\u00ea encontre algu\u00e9m que te ofere\u00e7a um caf\u00e9 cultivado a mais de 1.000 metros de altitude, n\u00e3o ouse recusar!<\/span><\/p>\n<p><span style=\"font-weight: 400;\">O Caf\u00e9 Ar\u00e1bica \u00e9 o mais produzido e consumido no mundo. Isso acontece porque ele pode gerar uma grande variedade de caf\u00e9s com aromas e sabores incr\u00edveis. Aposto que voc\u00ea ficou com vontade de tomar um cafezinho bem saboroso.<\/span><\/p>\n<p><a href=\"https:\/\/www.petz.com.br\/blog\/wp-content\/uploads\/2021\/08\/como-plantar-cafe2.jpg\"><img decoding=\"async\" class=\"alignnone size-full wp-image-2451494\" src=\"https:\/\/www.petz.com.br\/blog\/wp-content\/uploads\/2021\/08\/como-plantar-cafe2.jpg\" alt=\"gr\u00e3os de caf\u00e9\" width=\"718\" height=\"482\" title=\"\" srcset=\"https:\/\/www.petz.com.br\/blog\/wp-content\/uploads\/2021\/08\/como-plantar-cafe2.jpg 718w, https:\/\/www.petz.com.br\/blog\/wp-content\/uploads\/2021\/08\/como-plantar-cafe2-300x201.jpg 300w, https:\/\/www.petz.com.br\/blog\/wp-content\/uploads\/2021\/08\/como-plantar-cafe2-150x101.jpg 150w\" sizes=\"(max-width: 718px) 100vw, 718px\" \/><\/a><br \/>\n<span style=\"font-weight: 400;\">Agora que voc\u00ea sabe como plantar caf\u00e9, \u00e9 hora de colocar a m\u00e3o na massa. Aprender algo novo faz muito bem para o nosso bem-estar. Na <\/span><a href=\"https:\/\/www.petz.com.br\/\"><span style=\"font-weight: 400;\">Petz<\/span><\/a><span style=\"font-weight: 400;\">, voc\u00ea encontra op\u00e7\u00f5es de produtos para come\u00e7ar a cultivar o seu fruto em casa. Confira!<\/span><\/p>\n","protected":false},"excerpt":{"rendered":"<p>Voc\u00ea j\u00e1 se perguntou como plantar caf\u00e9? Caso ame essa bebida, com certeza, vai querer [&hellip;]<\/p>\n","protected":false},"author":24,"featured_media":2451494,"comment_status":"open","ping_status":"closed","sticky":false,"template":"","format":"standard","meta":{"_acf_changed":false,"footnotes":""},"categories":[518,1022,1021],"tags":[],"class_list":["post-2451492","post","type-post","status-publish","format-standard","has-post-thumbnail","hentry","category-plantas","category-casa","category-plantas-e-flores"],"acf":[],"_links":{"self":[{"href":"https:\/\/www.petz.com.br\/blog\/wp-json\/wp\/v2\/posts\/2451492","targetHints":{"allow":["GET"]}}],"collection":[{"href":"https:\/\/www.petz.com.br\/blog\/wp-json\/wp\/v2\/posts"}],"about":[{"href":"https:\/\/www.petz.com.br\/blog\/wp-json\/wp\/v2\/types\/post"}],"author":[{"embeddable":true,"href":"https:\/\/www.petz.com.br\/blog\/wp-json\/wp\/v2\/users\/24"}],"replies":[{"embeddable":true,"href":"https:\/\/www.petz.com.br\/blog\/wp-json\/wp\/v2\/comments?post=2451492"}],"version-history":[{"count":0,"href":"https:\/\/www.petz.com.br\/blog\/wp-json\/wp\/v2\/posts\/2451492\/revisions"}],"wp:featuredmedia":[{"embeddable":true,"href":"https:\/\/www.petz.com.br\/blog\/wp-json\/wp\/v2\/media\/2451494"}],"wp:attachment":[{"href":"https:\/\/www.petz.com.br\/blog\/wp-json\/wp\/v2\/media?parent=2451492"}],"wp:term":[{"taxonomy":"category","embeddable":true,"href":"https:\/\/www.petz.com.br\/blog\/wp-json\/wp\/v2\/categories?post=2451492"},{"taxonomy":"post_tag","embeddable":true,"href":"https:\/\/www.petz.com.br\/blog\/wp-json\/wp\/v2\/tags?post=2451492"}],"curies":[{"name":"wp","href":"https:\/\/api.w.org\/{rel}","templated":true}]}}