{"id":2454394,"date":"2022-02-15T14:00:03","date_gmt":"2022-02-15T17:00:03","guid":{"rendered":"https:\/\/www.petz.com.br\/blog\/?p=2454394"},"modified":"2025-11-27T14:12:53","modified_gmt":"2025-11-27T17:12:53","slug":"passaros-pretos","status":"publish","type":"post","link":"https:\/\/www.petz.com.br\/blog\/passaros-pretos\/","title":{"rendered":"Quais s\u00e3o os p\u00e1ssaros pretos mais conhecidos?"},"content":{"rendered":"<p><span style=\"font-weight: 400;\">Quando falamos em <\/span><b>p\u00e1ssaros pretos<\/b><span style=\"font-weight: 400;\">, costumamos pensar apenas em corvos e gralhas, mas n\u00e3o \u00e9 bem assim. Na verdade, nossa fauna \u00e9 composta por muitas esp\u00e9cies. Ficou curioso? Ent\u00e3o, venha conferir quais s\u00e3o os mais conhecidos!<\/span><\/p>\n<p><img decoding=\"async\" class=\"alignnone size-full wp-image-2454397\" src=\"https:\/\/www.petz.com.br\/blog\/wp-content\/uploads\/2022\/02\/passaros-pretos-3.jpg\" alt=\"ave preta com barriga branca em um poste de madeira\" width=\"718\" height=\"482\" title=\"\" srcset=\"https:\/\/www.petz.com.br\/blog\/wp-content\/uploads\/2022\/02\/passaros-pretos-3.jpg 718w, https:\/\/www.petz.com.br\/blog\/wp-content\/uploads\/2022\/02\/passaros-pretos-3-300x201.jpg 300w\" sizes=\"(max-width: 718px) 100vw, 718px\" \/><\/p>\n<h2><span style=\"font-weight: 400;\">P\u00e1ssaro-preto-da-asa-vermelha<\/span><\/h2>\n<p><span style=\"font-weight: 400;\">Essa \u00e9 uma esp\u00e9cie de p\u00e1ssaro muito comum na Am\u00e9rica do Norte. A caracter\u00edstica principal dela \u00e9 o corpo todo preto, com apenas algumas manchas vermelhas nas asas. Podemos consider\u00e1-la um<\/span><b> p\u00e1ssaro preto grande<\/b><span style=\"font-weight: 400;\">, j\u00e1 que possui aproximadamente 22,5 cm de comprimento e uma envergadura de 38 a 40 cm.<\/span><\/p>\n<h2><span style=\"font-weight: 400;\">Pol\u00edcia-inglesa-do-norte<\/span><\/h2>\n<p><span style=\"font-weight: 400;\">O p\u00e1ssaro pol\u00edcia-inglesa-do-norte \u00e9 uma pequena <\/span><a href=\"https:\/\/www.petz.com.br\/blog\/especies\/\"><span style=\"font-weight: 400;\">esp\u00e9cie<\/span><\/a><span style=\"font-weight: 400;\"> muito comum, sem riscos evidentes de extin\u00e7\u00e3o. Ele \u00e9 encontrado na Am\u00e9rica Central e na Am\u00e9rica do Sul, mas tamb\u00e9m na regi\u00e3o de Trinidad e Tobago.<\/span><\/p>\n<p><span style=\"font-weight: 400;\">Os p\u00e1ssaros machos atingem cerca de 17,5 cm de comprimento. Eles s\u00e3o praticamente todos pretos, com uma pequena exce\u00e7\u00e3o das penas de tom rosa-vermelho, que se encontram no pesco\u00e7o e na regi\u00e3o estomacal. As f\u00eameas da esp\u00e9cie possuem um tom de marrom com apenas um toque de vermelho na regi\u00e3o peitoral.\u00a0<\/span><\/p>\n<h2><span style=\"font-weight: 400;\">Cardeal<\/span><\/h2>\n<p><span style=\"font-weight: 400;\">O cardeal \u00e9 uma esp\u00e9cie de p\u00e1ssaros pretos cantantes comumente da Am\u00e9rica do Norte. Os machos s\u00e3o predominantemente vermelhos brilhantes, com uma m\u00e1scara preta sobre a face, e medem cerca de 22,5 cm. J\u00e1 as f\u00eameas da esp\u00e9cie possuem o tom de marrom com leves toques avermelhados sobre as penas.<\/span><\/p>\n<h2><span style=\"font-weight: 400;\">Sanha\u00e7u-escarlate<\/span><\/h2>\n<p><span style=\"font-weight: 400;\">O sanha\u00e7u-escarlate \u00e9 uma esp\u00e9cie encontrada do sul do Canad\u00e1 at\u00e9 a Am\u00e9rica Central. Essa esp\u00e9cie \u00e9 caracterizada por pequenos p\u00e1ssaros de aproximadamente 27,5 cm, majoritariamente vermelhos, com <\/span><b>penas pretas<\/b><span style=\"font-weight: 400;\"> nas asas e na cauda durante o per\u00edodo de reprodu\u00e7\u00e3o. Fora deste per\u00edodo, ambos os sexos apresentam colora\u00e7\u00e3o oliva.<\/span><\/p>\n<p><img decoding=\"async\" class=\"alignnone size-full wp-image-2454395\" src=\"https:\/\/www.petz.com.br\/blog\/wp-content\/uploads\/2022\/02\/passaros-pretos.jpg\" alt=\"ave preta com barriga avermelhada\" width=\"718\" height=\"482\" title=\"\" srcset=\"https:\/\/www.petz.com.br\/blog\/wp-content\/uploads\/2022\/02\/passaros-pretos.jpg 718w, https:\/\/www.petz.com.br\/blog\/wp-content\/uploads\/2022\/02\/passaros-pretos-300x201.jpg 300w\" sizes=\"(max-width: 718px) 100vw, 718px\" \/><\/p>\n<h2><span style=\"font-weight: 400;\">Quais s\u00e3o os p\u00e1ssaros pretos mais encontrados no Brasil?<\/span><\/h2>\n<p><span style=\"font-weight: 400;\">No Brasil, existe uma infinidade de esp\u00e9cies de p\u00e1ssaros pretos. Poder\u00edamos citar v\u00e1rios, mas resolvemos contar apenas quais s\u00e3o os mais conhecidos. Ent\u00e3o, venha descobrir:<\/span><\/p>\n<h3><span style=\"font-weight: 400;\">Anu-preto<\/span><\/h3>\n<p><span style=\"font-weight: 400;\">Muito conhecido como anu-pequeno e anum, o anu-preto \u00e9 um <\/span><b>p\u00e1ssaro todo preto<\/b><span style=\"font-weight: 400;\"> encontrado desde o Rio Grande do Norte at\u00e9 a regi\u00e3o da Amaz\u00f4nia Central. Ele possui entre 35 e 36 cm, apresenta colora\u00e7\u00e3o preta desde o bico at\u00e9 a \u00faltima pena da cauda, que \u00e9 graduada.<\/span><\/p>\n<h3><span style=\"font-weight: 400;\">Ti\u00ea-preto<\/span><\/h3>\n<p><span style=\"font-weight: 400;\">O ti\u00ea-preto tamb\u00e9m \u00e9 conhecido como ch\u00e1u, gurundi, azul\u00e3o e v\u00e1rios outros nomes. Esse pequeno p\u00e1ssaro apresenta a colora\u00e7\u00e3o branca por debaixo das asas, presente apenas nos machos da esp\u00e9cie, que s\u00e3o pretos brilhantes com uma faixa vermelha na cabe\u00e7a. J\u00e1 as f\u00eameas possuem todas as penas na cor marrom.<\/span><\/p>\n<h3><span style=\"font-weight: 400;\">Gralha-preta<\/span><\/h3>\n<p><span style=\"font-weight: 400;\">A gralha-preta ou corvo brasileiro, como tamb\u00e9m \u00e9 chamada, \u00e9 um p\u00e1ssaro preto de cor inigual\u00e1vel, bel\u00edssima e azulada. Ela \u00e9 encontrada principalmente no sul do Brasil, onde se tem grandes planta\u00e7\u00f5es de pinh\u00e3o. Nem t\u00e3o grande, nem t\u00e3o pequena, com um bico pequeno e uma cauda de ponta quadrada, ela lembra um corvo.<\/span><\/p>\n<h3><span style=\"font-weight: 400;\">P\u00e1ssaro-preto\u00a0<\/span><\/h3>\n<p><span style=\"font-weight: 400;\">O p\u00e1ssaro preto tamb\u00e9m \u00e9 conhecido como gra\u00fana, ira\u00fana-grande, chico-preto (Maranh\u00e3o e Piau\u00ed), arranca-milho, chopim, chupim (S\u00e3o Paulo), chup\u00e3o (Mato Grosso), assum-preto e cupido (Cear\u00e1), melro e gra\u00fana (Para\u00edba). Isso se deve \u00e0 grande extens\u00e3o do territ\u00f3rio brasileiro em que ele est\u00e1 presente e, principalmente, \u00e0 nossa varia\u00e7\u00e3o lingu\u00edstica.\u00a0<\/span><\/p>\n<p><span style=\"font-weight: 400;\">O corpo dele \u00e9 todo preto e avantajado, medindo cerca de 22,5 cm de comprimento. No Brasil, podemos encontrar tr\u00eas subesp\u00e9cies: <\/span><i><span style=\"font-weight: 400;\">Gnorimopsar chopi chopi<\/span><\/i><span style=\"font-weight: 400;\">,<\/span><i><span style=\"font-weight: 400;\"> Gnorimopsar chopi sulcirostris<\/span><\/i><span style=\"font-weight: 400;\"> e <\/span><i><span style=\"font-weight: 400;\">Gnorimopsar chopi megistus<\/span><\/i><span style=\"font-weight: 400;\">.<\/span><\/p>\n<h3><span style=\"font-weight: 400;\">Chupim-azeviche<\/span><\/h3>\n<p><span style=\"font-weight: 400;\">O chupim-azeviche \u00e9 um p\u00e1ssaro muito conhecido no Brasil como vira-bosta-picum\u00e3 ou chupim-picum\u00e3. Ambos os sexos da esp\u00e9cie apresentam colora\u00e7\u00e3o preta. O que diferencia o macho da f\u00eamea \u00e9 a f\u00eamea ser geralmente um pouco menor.<\/span><\/p>\n<h3><span style=\"font-weight: 400;\">Beija-flor-de-veste-preta<\/span><\/h3>\n<p><span style=\"font-weight: 400;\">O beija-flor-preto tamb\u00e9m \u00e9 conhecido como beija-flor-de-veste-preta e bizunga. A esp\u00e9cie \u00e9 marcada pelo bico, que tem praticamente o dobro do tamanho da cabe\u00e7a e \u00e9 levemente curvado. As f\u00eameas possuem margens brancas no dorso.<\/span><\/p>\n<h3><span style=\"font-weight: 400;\">Garibaldi<\/span><\/h3>\n<p><span style=\"font-weight: 400;\">O garibaldi \u00e9 muito ca\u00e7ado e criado em <\/span><a href=\"https:\/\/www.petz.com.br\/blog\/como-comprar-gaiola-para-passaros-7-dicas-para-nao-errar\/\"><span style=\"font-weight: 400;\">gaiolas<\/span><\/a><span style=\"font-weight: 400;\"> pelos amantes de p\u00e1ssaros. O macho jovem possui as penas em tom de cobre e, no topo da cabe\u00e7a, apresenta a colora\u00e7\u00e3o castanha.<\/span><\/p>\n<p><span style=\"font-weight: 400;\">Ele tem entre 17,5 e 18,5 cm de comprimento. O macho possui penas pretas, com coroa, garganta e peito em um tom avermelhado. J\u00e1 a f\u00eamea possui as penas avermelhadas ou pardas, a barriga e o lado superior com estrias pretas e pardas.<\/span><\/p>\n<h3><span style=\"font-weight: 400;\">Guaxe<\/span><\/h3>\n<p><span style=\"font-weight: 400;\">O guaxe tamb\u00e9m \u00e9 conhecido como japira, guaxo e japiim, assim como na m\u00fasica de Waldemar Henrique. Ele \u00e9 um <\/span><b>p\u00e1ssaro preto de bico amarelo<\/b><span style=\"font-weight: 400;\">, que tem entre 21,5 a 29,5 cm de comprimento. Praticamente todo preto, ele tem um bico longo, reto e amarelo, costas e caudas vermelhas.<\/span><\/p>\n<p><span style=\"font-weight: 400;\">Viu s\u00f3 como a nossa fauna \u00e9 incr\u00edvel? N\u00e3o apenas no Brasil, mas no mundo inteiro, temos in\u00fameros<\/span><b> tipos de p\u00e1ssaros pretos<\/b><span style=\"font-weight: 400;\"> e j\u00e1 vimos um pouco sobre as esp\u00e9cies mais conhecidas.\u00a0<\/span><\/p>\n<p><img decoding=\"async\" class=\"alignnone size-full wp-image-2454396\" src=\"https:\/\/www.petz.com.br\/blog\/wp-content\/uploads\/2022\/02\/passaros-pretos-2.jpg\" alt=\"beija flor no ar\" width=\"718\" height=\"482\" title=\"\" srcset=\"https:\/\/www.petz.com.br\/blog\/wp-content\/uploads\/2022\/02\/passaros-pretos-2.jpg 718w, https:\/\/www.petz.com.br\/blog\/wp-content\/uploads\/2022\/02\/passaros-pretos-2-300x201.jpg 300w, https:\/\/www.petz.com.br\/blog\/wp-content\/uploads\/2022\/02\/passaros-pretos-2-150x101.jpg 150w\" sizes=\"(max-width: 718px) 100vw, 718px\" \/><\/p>\n<p><span style=\"font-weight: 400;\">Ficou com vontade de ter p\u00e1ssaros pretos? Aqui na <\/span><a href=\"https:\/\/www.petz.com.br\/\"><span style=\"font-weight: 400;\">Petz<\/span><\/a><span style=\"font-weight: 400;\">, voc\u00ea encontra tudo o que precisa para o seu novo animalzinho, como gaiolas, brinquedos e at\u00e9 mesmo v\u00e1rias dicas. Venha conferir!<\/span><\/p>\n","protected":false},"excerpt":{"rendered":"<p>Quando falamos em p\u00e1ssaros pretos, costumamos pensar apenas em corvos e gralhas, mas n\u00e3o \u00e9 [&hellip;]<\/p>\n","protected":false},"author":24,"featured_media":2454396,"comment_status":"open","ping_status":"closed","sticky":false,"template":"","format":"standard","meta":{"_acf_changed":false,"footnotes":""},"categories":[388,389,521],"tags":[],"class_list":["post-2454394","post","type-post","status-publish","format-standard","has-post-thumbnail","hentry","category-especies","category-aves","category-curiosidades"],"acf":[],"_links":{"self":[{"href":"https:\/\/www.petz.com.br\/blog\/wp-json\/wp\/v2\/posts\/2454394","targetHints":{"allow":["GET"]}}],"collection":[{"href":"https:\/\/www.petz.com.br\/blog\/wp-json\/wp\/v2\/posts"}],"about":[{"href":"https:\/\/www.petz.com.br\/blog\/wp-json\/wp\/v2\/types\/post"}],"author":[{"embeddable":true,"href":"https:\/\/www.petz.com.br\/blog\/wp-json\/wp\/v2\/users\/24"}],"replies":[{"embeddable":true,"href":"https:\/\/www.petz.com.br\/blog\/wp-json\/wp\/v2\/comments?post=2454394"}],"version-history":[{"count":0,"href":"https:\/\/www.petz.com.br\/blog\/wp-json\/wp\/v2\/posts\/2454394\/revisions"}],"wp:featuredmedia":[{"embeddable":true,"href":"https:\/\/www.petz.com.br\/blog\/wp-json\/wp\/v2\/media\/2454396"}],"wp:attachment":[{"href":"https:\/\/www.petz.com.br\/blog\/wp-json\/wp\/v2\/media?parent=2454394"}],"wp:term":[{"taxonomy":"category","embeddable":true,"href":"https:\/\/www.petz.com.br\/blog\/wp-json\/wp\/v2\/categories?post=2454394"},{"taxonomy":"post_tag","embeddable":true,"href":"https:\/\/www.petz.com.br\/blog\/wp-json\/wp\/v2\/tags?post=2454394"}],"curies":[{"name":"wp","href":"https:\/\/api.w.org\/{rel}","templated":true}]}}