{"id":2462467,"date":"2022-11-26T08:00:05","date_gmt":"2022-11-26T11:00:05","guid":{"rendered":"https:\/\/blog-admin.petz.com.br\/blog\/?p=2462467"},"modified":"2025-11-27T13:37:34","modified_gmt":"2025-11-27T16:37:34","slug":"flores-para-plantar-no-verao","status":"publish","type":"post","link":"https:\/\/www.petz.com.br\/blog\/flores-para-plantar-no-verao\/","title":{"rendered":"8 flores para plantar no ver\u00e3o"},"content":{"rendered":"<p>A primavera n\u00e3o \u00e9 a \u00fanica esta\u00e7\u00e3o para cuidar das flores. A \u00e9poca mais quente do ano tamb\u00e9m \u00e9 ideal para cultivar lindas plantinhas. Pensando nisso, o que acha de conhecer algumas <strong>flores para plantar no ver\u00e3o<\/strong>?<\/p>\n<p><img decoding=\"async\" class=\"aligncenter size-full wp-image-2462468\" src=\"https:\/\/www.petz.com.br\/blog\/wp-content\/uploads\/2022\/11\/flores-para-plantar-no-verao.jpg\" alt=\"Vasos com flores\" width=\"718\" height=\"482\" title=\"\" srcset=\"https:\/\/www.petz.com.br\/blog\/wp-content\/uploads\/2022\/11\/flores-para-plantar-no-verao.jpg 718w, https:\/\/www.petz.com.br\/blog\/wp-content\/uploads\/2022\/11\/flores-para-plantar-no-verao-300x201.jpg 300w, https:\/\/www.petz.com.br\/blog\/wp-content\/uploads\/2022\/11\/flores-para-plantar-no-verao-150x101.jpg 150w\" sizes=\"(max-width: 718px) 100vw, 718px\" \/><\/p>\n<p>Como essa \u00e9 uma esta\u00e7\u00e3o onde o sol est\u00e1 no auge em grande parte do dia, as plantas precisam gostar desse tipo de ilumina\u00e7\u00e3o e clima. N\u00e3o se engane, o n\u00famero de <strong>flores do ver\u00e3o<\/strong> \u00e9 grande, e voc\u00ea pode encher o seu jardim com elas sem problemas!<\/p>\n<p>Voc\u00ea est\u00e1 pronto para descobrir oito flores para plantar no ver\u00e3o? Ent\u00e3o, leia o conte\u00fado a seguir e conhe\u00e7a algumas esp\u00e9cies que adoram essa \u00e9poca do ano. Vamos l\u00e1!<\/p>\n<h2>1. D\u00e1lias<\/h2>\n<p>Ao falar sobre as <strong>flores para plantar no ver\u00e3o<\/strong>, as d\u00e1lias n\u00e3o podem faltar. Coloridas e delicadas, elas adicionam vida ao seu jardim e podem ser cultivadas em canteiros ou vasos, ampliando as suas op\u00e7\u00f5es.<\/p>\n<p>As d\u00e1lias s\u00e3o flores herb\u00e1ceas de porte m\u00e9dio, podendo atingir at\u00e9 1,5 m na fase adulta. Por\u00e9m, lembre-se: para essas plantas crescerem saud\u00e1veis, \u00e9 essencial que recebam muito sol e calor! Por isso, elas s\u00e3o conhecidas como flores do ver\u00e3o.<\/p>\n<h2>2. Vincas<\/h2>\n<p>As vincas s\u00e3o outras <strong>flores da \u00e9poca do ver\u00e3o<\/strong>. Um pouco mais r\u00fasticas que as d\u00e1lias, elas exigem baixa manuten\u00e7\u00e3o. Por isso, essa esp\u00e9cie costuma ser comum nos jardins de v\u00e1rios brasileiros.<\/p>\n<p>Voc\u00ea pode at\u00e9 achar que nunca viu uma vinca, mas isso \u00e9 bem dif\u00edcil. Elas possuem flores com p\u00e9talas largas e estreitas nas cores vermelho, branco e roxo, com um centro mais claro, quase branco. S\u00e3o plantas bem simples, mas lindas e delicadas!<\/p>\n<p>Se voc\u00ea quiser cultivar as vincas, \u00e9 importante lembrar que elas precisam ser plantadas em ambientes com temperaturas elevadas e terra bem f\u00e9rtil. Com esses componentes garantidos, o seu jardim florido fica pronto para o ver\u00e3o.<\/p>\n<h2>3. Coleus<\/h2>\n<p>O que acha de uma flor tropical para o seu jardim? Nesse caso, a escolha ideal s\u00e3o os coleus! Conhecidos pelas folhas grandes e macias, eles podem ser encontrados com diferentes combina\u00e7\u00f5es de cores, como amarelo, vermelho, rosa, castanho e verde.<\/p>\n<p>Essa \u00e9 uma flor do <strong>ver\u00e3o<\/strong> ideal para quem busca uma planta tropical. Al\u00e9m de se dar muito bem com o clima quente, ela ainda \u00e9 apaixonante e maravilhosa. Interessante, n\u00e3o \u00e9 mesmo?<\/p>\n<h2>4. Z\u00ednias<\/h2>\n<p>Mais flores delicadas para a lista: as z\u00ednias. Com caules longos, elas possuem p\u00e9talas que crescem em formato arredondado, criando um pequeno buqu\u00ea em pontos estrat\u00e9gicos do seu jardim.<\/p>\n<p>Inclusive, por ser uma planta alongada, caso voc\u00ea procure uma op\u00e7\u00e3o de ornamenta\u00e7\u00e3o para o seu jardim, essa \u00e9 uma \u00f3tima escolha. Flores para plantar no ver\u00e3o com essas qualidades s\u00e3o dif\u00edceis de encontrar. Por isso, aproveite as z\u00ednias.<\/p>\n<h2>5. Girassol<\/h2>\n<p>Ao falar sobre flores para plantar no ver\u00e3o, \u00e9 imposs\u00edvel n\u00e3o lembrar do girassol, n\u00e3o \u00e9 mesmo? Afinal, a planta gosta tanto dessa \u00e9poca do ano que possui a atra\u00e7\u00e3o principal da esta\u00e7\u00e3o, o sol, no nome.<\/p>\n<p><img decoding=\"async\" class=\"aligncenter size-full wp-image-2462470\" src=\"https:\/\/www.petz.com.br\/blog\/wp-content\/uploads\/2022\/11\/flores-para-plantar-no-verao-3.jpg\" alt=\"Girassol\" width=\"718\" height=\"482\" title=\"\" srcset=\"https:\/\/www.petz.com.br\/blog\/wp-content\/uploads\/2022\/11\/flores-para-plantar-no-verao-3.jpg 718w, https:\/\/www.petz.com.br\/blog\/wp-content\/uploads\/2022\/11\/flores-para-plantar-no-verao-3-300x201.jpg 300w, https:\/\/www.petz.com.br\/blog\/wp-content\/uploads\/2022\/11\/flores-para-plantar-no-verao-3-150x101.jpg 150w\" sizes=\"(max-width: 718px) 100vw, 718px\" \/><\/p>\n<p>Os girass\u00f3is s\u00e3o flores que nascem, crescem e morrem em um ciclo de vida desenvolvido durante um ano. Por isso, n\u00e3o \u00e9 muito comum encontrar essa <a href=\"https:\/\/www.petz.com.br\/blog\/plantas\/\">planta<\/a> florida em jardins ou vasos. Por\u00e9m, isso n\u00e3o quer dizer que seja dif\u00edcil cultiv\u00e1-la.<\/p>\n<p>Na verdade, essa \u00e9 uma das <strong>flores de ver\u00e3o para jardim<\/strong> mais queridinhas e f\u00e1ceis de plantar, principalmente quando h\u00e1 muito sol. Um cuidado que voc\u00ea deve ter \u00e9 com a irriga\u00e7\u00e3o, que deve ocorrer de dois em dois dias. Assim, seu girassol fica sempre florido na esta\u00e7\u00e3o.<\/p>\n<h2>6. Cosmos<\/h2>\n<p>Uma flor pequenina, delicada e f\u00e1cil de cuidar para plantar durante o ver\u00e3o \u00e9 o cosmos. O melhor de tudo \u00e9 que voc\u00ea consegue dar um toque vibrante e campestre ao seu ambiente com ela. Afinal, as cores s\u00e3o bem fortes.<\/p>\n<p>Ao contr\u00e1rio de outras flores de ver\u00e3o, o cosmos possui uma vida longa \u2014 ciclo de um ano \u2014 e ainda consegue chegar at\u00e9 2 m de altura. Isso se ele for cultivado com sol pleno e regas frequentes.<\/p>\n<h2>7. Verbenas<\/h2>\n<p>Uma florzinha que lembra pequenos buqu\u00eas \u00e9 a verbena! Delicadas e muito pequenas, essas plantas possuem cores \u00fanicas: branco, vermelho e rosa, com o centro sempre mais claro, formando um lindo degrad\u00ea.<\/p>\n<p>Apesar de estarem na lista de flores para plantar no ver\u00e3o, a flora\u00e7\u00e3o das verbenas pode acontecer em todos os per\u00edodos do ano. Elas podem chegar at\u00e9 30 cm de altura e s\u00e3o muito cultivadas em canteiros e maci\u00e7os de jardins, j\u00e1 que s\u00e3o pequenas, aumentando o volume.<\/p>\n<h2>8. Margaridas<\/h2>\n<p>Para finalizar, o que acha de uma flor cl\u00e1ssica do ver\u00e3o, como a <a href=\"https:\/\/www.petz.com.br\/blog\/tipos-de-margarida\/\">margarida<\/a>? Indicada para ambientes bem iluminados, ela se adapta bem a diferentes tipos de climas, apesar de possuir uma vis\u00edvel delicadeza.<\/p>\n<p>Seja para montar lindos arranjos, seja para decorar a casa com vasos, as margaridas s\u00e3o op\u00e7\u00f5es interessantes para trazer simplicidade e eleg\u00e2ncia ao ambiente. Por\u00e9m, para garantir a sa\u00fade da planta\u00e7\u00e3o, lembre-se de sempre realizar a poda, fortalecendo as flores.<\/p>\n<p><img decoding=\"async\" class=\"aligncenter size-full wp-image-2462469\" src=\"https:\/\/www.petz.com.br\/blog\/wp-content\/uploads\/2022\/11\/flores-para-plantar-no-verao-2.jpg\" alt=\"Flores em jardim\" width=\"718\" height=\"482\" title=\"\" srcset=\"https:\/\/www.petz.com.br\/blog\/wp-content\/uploads\/2022\/11\/flores-para-plantar-no-verao-2.jpg 718w, https:\/\/www.petz.com.br\/blog\/wp-content\/uploads\/2022\/11\/flores-para-plantar-no-verao-2-300x201.jpg 300w, https:\/\/www.petz.com.br\/blog\/wp-content\/uploads\/2022\/11\/flores-para-plantar-no-verao-2-150x101.jpg 150w\" sizes=\"(max-width: 718px) 100vw, 718px\" \/><\/p>\n<p>Voc\u00ea vai come\u00e7ar a fazer jardinagem? Conte conosco! No site da <a href=\"https:\/\/www.petz.com.br\/\">Petz<\/a>, est\u00e3o dispon\u00edveis diversos materiais de qualidade para colocar essa ideia em pr\u00e1tica. Venha conhecer.<\/p>\n","protected":false},"excerpt":{"rendered":"<p>A primavera n\u00e3o \u00e9 a \u00fanica esta\u00e7\u00e3o para cuidar das flores. A \u00e9poca mais quente [&hellip;]<\/p>\n","protected":false},"author":24,"featured_media":2462469,"comment_status":"open","ping_status":"closed","sticky":false,"template":"","format":"standard","meta":{"_acf_changed":false,"footnotes":""},"categories":[518,1021],"tags":[],"class_list":["post-2462467","post","type-post","status-publish","format-standard","has-post-thumbnail","hentry","category-plantas","category-plantas-e-flores"],"acf":[],"_links":{"self":[{"href":"https:\/\/www.petz.com.br\/blog\/wp-json\/wp\/v2\/posts\/2462467","targetHints":{"allow":["GET"]}}],"collection":[{"href":"https:\/\/www.petz.com.br\/blog\/wp-json\/wp\/v2\/posts"}],"about":[{"href":"https:\/\/www.petz.com.br\/blog\/wp-json\/wp\/v2\/types\/post"}],"author":[{"embeddable":true,"href":"https:\/\/www.petz.com.br\/blog\/wp-json\/wp\/v2\/users\/24"}],"replies":[{"embeddable":true,"href":"https:\/\/www.petz.com.br\/blog\/wp-json\/wp\/v2\/comments?post=2462467"}],"version-history":[{"count":0,"href":"https:\/\/www.petz.com.br\/blog\/wp-json\/wp\/v2\/posts\/2462467\/revisions"}],"wp:featuredmedia":[{"embeddable":true,"href":"https:\/\/www.petz.com.br\/blog\/wp-json\/wp\/v2\/media\/2462469"}],"wp:attachment":[{"href":"https:\/\/www.petz.com.br\/blog\/wp-json\/wp\/v2\/media?parent=2462467"}],"wp:term":[{"taxonomy":"category","embeddable":true,"href":"https:\/\/www.petz.com.br\/blog\/wp-json\/wp\/v2\/categories?post=2462467"},{"taxonomy":"post_tag","embeddable":true,"href":"https:\/\/www.petz.com.br\/blog\/wp-json\/wp\/v2\/tags?post=2462467"}],"curies":[{"name":"wp","href":"https:\/\/api.w.org\/{rel}","templated":true}]}}