{"id":2466955,"date":"2023-02-15T10:20:24","date_gmt":"2023-02-15T13:20:24","guid":{"rendered":"https:\/\/www.petz.com.br\/blog\/?p=2466955"},"modified":"2025-11-27T11:33:13","modified_gmt":"2025-11-27T14:33:13","slug":"fevereiro-roxo-mes-da-prevencao-de-doencas-em-animais-idosos-e-doencas-neurodegenerativas","status":"publish","type":"post","link":"https:\/\/www.petz.com.br\/blog\/fevereiro-roxo-mes-da-prevencao-de-doencas-em-animais-idosos-e-doencas-neurodegenerativas\/","title":{"rendered":"Fevereiro roxo: m\u00eas da preven\u00e7\u00e3o de doen\u00e7as em animais idosos e doen\u00e7as neurodegenerativas"},"content":{"rendered":"<p>Entre as campanhas mensais de cuidados com a sa\u00fade humana, Fevereiro ganhou a cor Roxa e foi dedicado \u00e0 conscientiza\u00e7\u00e3o das doen\u00e7as neurodegenerativas como Alzheimer, l\u00fapus e fibromialgia. No mundo animal o m\u00eas tamb\u00e9m \u00e9 dedicado \u00e0 preven\u00e7\u00e3o das doen\u00e7as neurodegenerativas.<\/p>\n<p><img decoding=\"async\" class=\"wp-image-2458172 size-full\" src=\"https:\/\/www.petz.com.br\/blog\/wp-content\/uploads\/2022\/07\/cuidados-especiais-com-caes-idosos.jpg\" alt=\"cuidados especiais com caes idosos\" width=\"718\" height=\"482\" title=\"\" srcset=\"https:\/\/www.petz.com.br\/blog\/wp-content\/uploads\/2022\/07\/cuidados-especiais-com-caes-idosos.jpg 718w, https:\/\/www.petz.com.br\/blog\/wp-content\/uploads\/2022\/07\/cuidados-especiais-com-caes-idosos-300x201.jpg 300w, https:\/\/www.petz.com.br\/blog\/wp-content\/uploads\/2022\/07\/cuidados-especiais-com-caes-idosos-150x101.jpg 150w\" sizes=\"(max-width: 718px) 100vw, 718px\" \/><\/p>\n<p>As doen\u00e7as neurodegenerativas s\u00e3o patologias que n\u00e3o t\u00eam cura e afetam o sistema nervoso central dos pets, em especial os c\u00e3es e gatos, causando problemas como perda de mem\u00f3ria, movimentos involunt\u00e1rios, convuls\u00f5es, altera\u00e7\u00e3o de sono, vocaliza\u00e7\u00e3o, dor cr\u00f4nica, entre outros.<\/p>\n<p>A campanha Fevereiro Roxo tem o objetivo de compartilhar informa\u00e7\u00f5es e tratamentos dispon\u00edveis, assim como a import\u00e2ncia do diagn\u00f3stico precoce para uma melhor qualidade de vida ao pet. Acompanhe o artigo para saber mais.<\/p>\n<p><strong>S\u00edndrome da disfun\u00e7\u00e3o cognitiva<\/strong><\/p>\n<p>Tamb\u00e9m conhecida como dem\u00eancia senil em pets, a S\u00edndrome da Disfun\u00e7\u00e3o Cognitiva \u00e9 uma condi\u00e7\u00e3o que pode afetar c\u00e3es e gatos mais velhos.<\/p>\n<p>Estima-se que cerca de 20% dos <a href=\"https:\/\/www.petz.com.br\/blog\/disfuncao-cognitiva-canina\">cachorros<\/a> com idade superior a 11 anos e 50% dos <a href=\"https:\/\/www.petz.com.br\/blog\/gato-idoso\/\">gatos<\/a> com mais de 15 anos\u00a0podem apresentar sinais de disfun\u00e7\u00e3o cognitiva.<\/p>\n<p><strong>D\u00e1 para prevenir doen\u00e7as neurodegenerativas nos pets?<\/strong><\/p>\n<p>Apesar de n\u00e3o existir nenhuma f\u00f3rmula m\u00e1gica ou garantia de que seu pet n\u00e3o sofrer\u00e1 com certas patologias ao <a href=\"https:\/\/www.petz.com.br\/blog\/cuidados-especiais-com-caes-idosos\/\">envelhecer<\/a> \u00e9 importante lembrar que a preven\u00e7\u00e3o \u00e9 sempre o melhor rem\u00e9dio.<\/p>\n<p>O cuidado com a sa\u00fade do pet deve ser constante. Alguns deles s\u00e3o:<\/p>\n<ul>\n<li><strong>Oferecer uma alimenta\u00e7\u00e3o adequada e balanceada:<\/strong> escolha uma dieta saud\u00e1vel e equilibrada para o seu pet, levando em conta sua idade, tamanho e necessidades nutricionais di\u00e1rias.<\/li>\n<li><strong>Mantenha uma rotina de exerc\u00edcios f\u00edsicos:<\/strong> exercite seu animal regularmente, seja fazendo caminhadas, corridas ou at\u00e9 brincadeiras durante o dia.<\/li>\n<li><strong>Controle o peso do seu pet:<\/strong> mantenha seu animal dentro do peso ideal, evitando a obesidade e problemas de sa\u00fade associados.<\/li>\n<li><strong>Visitas regulares ao veterin\u00e1rio:<\/strong> leve seu animal para consultas regulares com um m\u00e9dico veterin\u00e1rio. Isso \u00e9 importante para diagn\u00f3sticos precoces.<\/li>\n<li><strong>Estimule a mente do pet:<\/strong> forne\u00e7a brinquedos e atividades que estimulem a fun\u00e7\u00e3o cognitiva do seu pet, como jogos de intelig\u00eancia e treinamentos.<\/li>\n<li><strong>Socializa\u00e7\u00e3o necess\u00e1ria:<\/strong> permita que seu animal interaja com outros e tamb\u00e9m com pessoas, para que possa desenvolver habilidades sociais e se manter mentalmente ativo.<\/li>\n<li><strong>Ajude a controlar o estresse: <\/strong>evite situa\u00e7\u00f5es que possam estressar seu animal, como ambientes com som muito alto ou mudan\u00e7as bruscas em sua rotina.<\/li>\n<li><strong>Descanso adequado: <\/strong>certifique-se de que o pet tenha um local confort\u00e1vel e tranquilo para o descanso. \u00c9 fundamental que ele durma o suficiente e tenha um sono de qualidade.<\/li>\n<\/ul>\n<p>O cuidado com a sa\u00fade do pet deve ser constante e realizado ao longo de toda a sua vida, mas \u00e9 especialmente importante na terceira idade, quando o risco de doen\u00e7as neurol\u00f3gicas e outras condi\u00e7\u00f5es de sa\u00fade aumenta.<\/p>\n<p>Com cuidado e aten\u00e7\u00e3o, \u00e9 poss\u00edvel garantir uma boa qualidade de vida para o pet na velhice. Ao seguir essas dicas de preven\u00e7\u00e3o, voc\u00ea pode ajudar a garantir o bem-estar do seu pet.<\/p>\n<p><img decoding=\"async\" class=\"wp-image-2444005 size-full\" src=\"https:\/\/www.petz.com.br\/blog\/wp-content\/uploads\/2020\/04\/gato-idoso3.jpg\" alt=\"gato idoso3\" width=\"718\" height=\"482\" title=\"\" srcset=\"https:\/\/www.petz.com.br\/blog\/wp-content\/uploads\/2020\/04\/gato-idoso3.jpg 718w, https:\/\/www.petz.com.br\/blog\/wp-content\/uploads\/2020\/04\/gato-idoso3-300x201.jpg 300w\" sizes=\"(max-width: 718px) 100vw, 718px\" \/><\/p>\n<p><strong>Aten\u00e7\u00e3o aos sinais\u00a0<\/strong><\/p>\n<p>Al\u00e9m das medidas preventivas para oferecer uma maior qualidade de vida ao seu animal de estima\u00e7\u00e3o, observar o seu comportamento e estar atento a sinais de altera\u00e7\u00f5es neurol\u00f3gicas caracter\u00edsticos, ajudam a tomar medidas r\u00e1pidas.<\/p>\n<p>Com um diagn\u00f3stico precoce, \u00e9 poss\u00edvel iniciar o tratamento o quanto antes, reduzindo os riscos de complica\u00e7\u00f5es e aumentando a qualidade de vida e controle das doen\u00e7as.<\/p>\n<p>Os principais sinais que voc\u00ea deve ficar atento s\u00e3o:<\/p>\n<ul>\n<li>altera\u00e7\u00f5es no comportamento;<\/li>\n<li><a href=\"https:\/\/www.petz.com.br\/blog\/cachorro-correndo-de-um-lado-pro-outro\/\">desorienta\u00e7\u00e3o<\/a>;<\/li>\n<li>dificuldade em reconhecer membros da fam\u00edlia;<\/li>\n<li>perda de interesse em atividades que antes eram prazerosas;<\/li>\n<li>altera\u00e7\u00f5es no sono;<\/li>\n<li>falta de apetite;<\/li>\n<li>incontin\u00eancia urin\u00e1ria e fecal.<\/li>\n<\/ul>\n<p>Algumas doen\u00e7as podem ser evitadas com esse tratamento e com isso prevenir a s\u00edndrome da disfun\u00e7\u00e3o cognitiva. Uma doen\u00e7a que n\u00e3o tem cura, mas \u00e9 controlado por manifesta\u00e7\u00e3o cl\u00ednica. Ajuda a minimizar os efeitos colaterais das enfermidades e proporciona uma melhor qualidade de vida ao seu pet.<\/p>\n<p>Se um animal idoso ou em qualquer outra fase da vida apresentar sinais de problemas neurol\u00f3gicos e for diagnosticado com uma doen\u00e7a neurodegenerativa \u00e9 importante procurar tratamento o mais r\u00e1pido poss\u00edvel.<\/p>\n<p>Confira mais sobre o &#8220;Alzheimer&#8221; canino, com o v\u00eddeo da Petz TV:<\/p>\n<p><iframe title=\"Tudo sobre a S\u00edndrome de Disfun\u00e7\u00e3o Cognitiva, o Alzheimer Canino | Petz TV Cuidados\" width=\"500\" height=\"281\" src=\"https:\/\/www.youtube.com\/embed\/ti9vck4FsX4?feature=oembed\" frameborder=\"0\" allow=\"accelerometer; autoplay; clipboard-write; encrypted-media; gyroscope; picture-in-picture; web-share\" referrerpolicy=\"strict-origin-when-cross-origin\" allowfullscreen><\/iframe><\/p>\n<p>Na Petz, voc\u00ea conta com profissionais qualificados para cuidar e oferecer o melhor tratamento para o seu pet. Acesse o site do nosso Centro Veterin\u00e1rio <a href=\"https:\/\/seres.vet\/\" target=\"_blank\" rel=\"noopener\">Seres<\/a> e agende um hor\u00e1rio.<\/p>\n","protected":false},"excerpt":{"rendered":"<p>Entre as campanhas mensais de cuidados com a sa\u00fade humana, Fevereiro ganhou a cor Roxa [&hellip;]<\/p>\n","protected":false},"author":69,"featured_media":2443560,"comment_status":"open","ping_status":"closed","sticky":false,"template":"","format":"standard","meta":{"_acf_changed":false,"footnotes":""},"categories":[3,521],"tags":[],"class_list":["post-2466955","post","type-post","status-publish","format-standard","has-post-thumbnail","hentry","category-adocao","category-curiosidades"],"acf":[],"_links":{"self":[{"href":"https:\/\/www.petz.com.br\/blog\/wp-json\/wp\/v2\/posts\/2466955","targetHints":{"allow":["GET"]}}],"collection":[{"href":"https:\/\/www.petz.com.br\/blog\/wp-json\/wp\/v2\/posts"}],"about":[{"href":"https:\/\/www.petz.com.br\/blog\/wp-json\/wp\/v2\/types\/post"}],"author":[{"embeddable":true,"href":"https:\/\/www.petz.com.br\/blog\/wp-json\/wp\/v2\/users\/69"}],"replies":[{"embeddable":true,"href":"https:\/\/www.petz.com.br\/blog\/wp-json\/wp\/v2\/comments?post=2466955"}],"version-history":[{"count":0,"href":"https:\/\/www.petz.com.br\/blog\/wp-json\/wp\/v2\/posts\/2466955\/revisions"}],"wp:featuredmedia":[{"embeddable":true,"href":"https:\/\/www.petz.com.br\/blog\/wp-json\/wp\/v2\/media\/2443560"}],"wp:attachment":[{"href":"https:\/\/www.petz.com.br\/blog\/wp-json\/wp\/v2\/media?parent=2466955"}],"wp:term":[{"taxonomy":"category","embeddable":true,"href":"https:\/\/www.petz.com.br\/blog\/wp-json\/wp\/v2\/categories?post=2466955"},{"taxonomy":"post_tag","embeddable":true,"href":"https:\/\/www.petz.com.br\/blog\/wp-json\/wp\/v2\/tags?post=2466955"}],"curies":[{"name":"wp","href":"https:\/\/api.w.org\/{rel}","templated":true}]}}