{"id":2474908,"date":"2024-08-21T11:59:37","date_gmt":"2024-08-21T14:59:37","guid":{"rendered":"https:\/\/www.petz.com.br\/blog\/?p=2474908"},"modified":"2025-11-27T14:10:26","modified_gmt":"2025-11-27T17:10:26","slug":"canario-belga-parou-de-cantar","status":"publish","type":"post","link":"https:\/\/www.petz.com.br\/blog\/canario-belga-parou-de-cantar\/","title":{"rendered":"Can\u00e1rio belga parou de cantar"},"content":{"rendered":"<p>O canto do can\u00e1rio-belga \u00e9 poesia para os ouvidos. A ave \u00e9 conhecida por gostar de imitar os sons que escuta. Por isso, n\u00e3o estranhe ao ouvi-la entoando melodias suaves o dia todo. Mas, se a sua pergunta \u00e9: meu can\u00e1rio belga parou de cantar, acompanhe o artigo para saber mais.<br \/>\nExistem alguns motivos que levam o can\u00e1rio-belga a dar uma pausa na cantoria. Conhecer um pouco sobre eles \u00e9 importante para saber at\u00e9 quando voc\u00ea pode esperar, antes de procurar ajuda de um m\u00e9dico-veterin\u00e1rio especialista.<\/p>\n<p><img decoding=\"async\" class=\"size-full wp-image-2474911 aligncenter\" src=\"https:\/\/www.petz.com.br\/blog\/wp-content\/uploads\/2024\/08\/canario_belga1-1.jpg\" alt=\"Can\u00e1rio-belga em cima de um galho.\" width=\"900\" height=\"540\" title=\"\" srcset=\"https:\/\/www.petz.com.br\/blog\/wp-content\/uploads\/2024\/08\/canario_belga1-1.jpg 900w, https:\/\/www.petz.com.br\/blog\/wp-content\/uploads\/2024\/08\/canario_belga1-1-300x180.jpg 300w, https:\/\/www.petz.com.br\/blog\/wp-content\/uploads\/2024\/08\/canario_belga1-1-768x461.jpg 768w, https:\/\/www.petz.com.br\/blog\/wp-content\/uploads\/2024\/08\/canario_belga1-1-150x90.jpg 150w\" sizes=\"(max-width: 900px) 100vw, 900px\" \/><\/p>\n<p>Afinal, por que can\u00e1rio-belga para de cantar?<\/p>\n<p>Os <a href=\"https:\/\/www.petz.com.br\/blog\/canario\/\">can\u00e1rios<\/a> t\u00eam como caracter\u00edstica marcante o canto. Foi justamente a melodia da ave que encantou a nobreza europeia anos atr\u00e1s e chamou aten\u00e7\u00e3o dos brasileiros, quando a esp\u00e9cie chegou por aqui.<br \/>\nDos can\u00e1rios, o belga (Serinus canaria) \u00e9 o \u00fanico domesticado e, apesar de ser conhecido pela sua voz, ele n\u00e3o nasce sabendo cantar. O aprendizado vem ap\u00f3s alguns meses de vida e muito treino. Esse processo pode ser um pouco lento e demora para engatar de vez. Se voc\u00ea tem uma beb\u00ea can\u00e1rio em casa, tenha paci\u00eancia.<br \/>\nAgora, se o <a href=\"https:\/\/www.petz.com.br\/blog\/tipos-de-canario-belga\/\">can\u00e1rio-belga<\/a> j\u00e1 tem algum tempo de vida e de repente parou de cantar, pode ser apenas um per\u00edodo de troca de penas. N\u00e3o se assuste. Caso seu amigo cantor esteja passando este momento, fique tranquilo. \u00c9 normal a melodia cessar temporariamente.<\/p>\n<p>A troca das penas<\/p>\n<p>A fase de troca das penas dura aproximadamente tr\u00eas meses e, enquanto espera ela passar \u00e9 importante refor\u00e7ar a alimenta\u00e7\u00e3o da ave. O <a href=\"https:\/\/www.petz.com.br\/blog\/canario-da-terra-pode-comer-ovo-cozido\/\">ovo cozido<\/a> \u00e9 uma \u00f3tima op\u00e7\u00e3o nessa \u00e9poca, j\u00e1 que a ave precisa de mais prote\u00edna em sua dieta.<br \/>\nA tend\u00eancia natural \u00e9 que passado os tr\u00eas meses, o can\u00e1rio-belga volte a cantarolar normalmente. No entanto, talvez a ave precise de uma ajudinha para ajudar a engatar as melodias. Coloque algumas m\u00fasicas para o pet ouvir e relembrar como \u00e9 bom cantar. Caso isso n\u00e3o aconte\u00e7a, talvez o seu amigo cantor esteja com alguma quest\u00e3o relacionada \u00e0 sa\u00fade e que merece ser investigada por um profissional.<\/p>\n<p>Cuidados com a sa\u00fade do can\u00e1rio-belga<\/p>\n<p>Mas antes de sair correndo para o m\u00e9dico-veterin\u00e1rio certifique-se de que a gaiola do can\u00e1rio est\u00e1 com a limpeza em dia, se tem o tamanho adequado para a ave ficar confort\u00e1vel e conseguir se exercitar.<br \/>\nD\u00ea uma olhada cuidadosa nas penas do can\u00e1rio. Veja se n\u00e3o tem nada de diferente. Piolhos e \u00e1caros podem ser prejudiciais para a ave. A presen\u00e7a de parasitas afetam o bem-estar do pet e influenciam na cantoria.<br \/>\nSe estiver sentindo dor ou com algum machucado em seu corpinho, o can\u00e1rio tamb\u00e9m deixa de cantar. Olhe com aten\u00e7\u00e3o para cada parte do pet, os olhos, as asas, as patinhas. Verifique se suas garras n\u00e3o est\u00e3o muito compridas. Em caso positivo, corte as pontinhas, sempre com muito cuidado para n\u00e3o ferir a ave.<\/p>\n<p><img decoding=\"async\" class=\"size-full wp-image-2474910 aligncenter\" src=\"https:\/\/www.petz.com.br\/blog\/wp-content\/uploads\/2024\/08\/canario_belga2-1.jpg\" alt=\"Can\u00e1rio-belga na \u00e1rvore.\" width=\"900\" height=\"540\" title=\"\" srcset=\"https:\/\/www.petz.com.br\/blog\/wp-content\/uploads\/2024\/08\/canario_belga2-1.jpg 900w, https:\/\/www.petz.com.br\/blog\/wp-content\/uploads\/2024\/08\/canario_belga2-1-300x180.jpg 300w, https:\/\/www.petz.com.br\/blog\/wp-content\/uploads\/2024\/08\/canario_belga2-1-768x461.jpg 768w, https:\/\/www.petz.com.br\/blog\/wp-content\/uploads\/2024\/08\/canario_belga2-1-150x90.jpg 150w\" sizes=\"(max-width: 900px) 100vw, 900px\" \/><\/p>\n<p>Problemas de sa\u00fade<\/p>\n<p>Outras quest\u00f5es que contribuem para uma pausa no canto s\u00e3o as infec\u00e7\u00f5es respirat\u00f3rias, que afetam facilmente as aves. Por isso tenha o cuidado de n\u00e3o expor o pet \u00e0s correntes de ar. Evite tamb\u00e9m deix\u00e1-lo em ambientes com mudan\u00e7as bruscas de temperatura. Isso pode ser fatal para o can\u00e1rio.<\/p>\n<p>Alguns dos problemas respirat\u00f3rios que afetam o canto e a sa\u00fade do can\u00e1rio, s\u00e3o:<br \/>\nCoriza: quando a respira\u00e7\u00e3o da ave come\u00e7a a ficar mais dif\u00edcil e um l\u00edquido escorrendo das narinas, ela pode estar sofrendo com coriza.<br \/>\nPneumonia: al\u00e9m da respira\u00e7\u00e3o dif\u00edcil, a pneumonia nos can\u00e1rios se caracteriza pelo tom violeta no bico, febre, penas eri\u00e7adas e falta de energia. A doen\u00e7a pode ser fatal.<br \/>\nAsma: a ave costuma fazer uns sons diferentes quando est\u00e1 com asma. A dificuldade respirat\u00f3ria \u00e9 bem vis\u00edvel e seus olhos ficam meio entreabertos. Fique atento pois se n\u00e3o detectada rapidamente, a ave pode morrer por falta de ar.<\/p>\n<p>Alimenta\u00e7\u00e3o saud\u00e1vel e equilibrada<\/p>\n<p>Oferecer uma dieta com todas as vitaminas e nutrientes que o can\u00e1rio precisa no seu dia a dia \u00e9 fundamental para sua sa\u00fade e bem-estar. O card\u00e1pio da ave deve ser variado com alimentos naturais, sementes e a ra\u00e7\u00e3o espec\u00edfica, facilmente encontrada em lojas especializadas em produtos para animais de estima\u00e7\u00e3o, como a Petz.<\/p>\n<p>Seja a ra\u00e7\u00e3o farelada, seja a <a href=\"https:\/\/www.petz.com.br\/blog\/descubra-o-que-e-racao-extrusada\/\">extrusada<\/a>, o alimento deve ser a base da dieta do seu pet.<\/p>\n<p>Sempre que notar qualquer comportamento diferente no seu amigo cantor, converse com um m\u00e9dico-veterin\u00e1rio especialista. O profissional vai avaliar e indicar o melhor tratamento para a ave ficar bem e voltar a cantar rapidinho.<\/p>\n<p><img decoding=\"async\" class=\"size-full wp-image-2474909 aligncenter\" src=\"https:\/\/www.petz.com.br\/blog\/wp-content\/uploads\/2024\/08\/canario_belga3-1.jpg\" alt=\"Can\u00e1rio-belga no galho de uma \u00e1rvore.\" width=\"900\" height=\"540\" title=\"\" srcset=\"https:\/\/www.petz.com.br\/blog\/wp-content\/uploads\/2024\/08\/canario_belga3-1.jpg 900w, https:\/\/www.petz.com.br\/blog\/wp-content\/uploads\/2024\/08\/canario_belga3-1-300x180.jpg 300w, https:\/\/www.petz.com.br\/blog\/wp-content\/uploads\/2024\/08\/canario_belga3-1-768x461.jpg 768w, https:\/\/www.petz.com.br\/blog\/wp-content\/uploads\/2024\/08\/canario_belga3-1-150x90.jpg 150w\" sizes=\"(max-width: 900px) 100vw, 900px\" \/><\/p>\n<p>Gostou de saber os motivos que levam o can\u00e1rio a parar de cantar? Que tal agora conferir outros conte\u00fados sobre alimenta\u00e7\u00e3o e bem-estar da ave? No <a href=\"https:\/\/www.petz.com.br\/blog\/\">blog<\/a> da Petz temos diversos artigos com dicas e curiosidades sobre o reino animal. Confira!<\/p>\n","protected":false},"excerpt":{"rendered":"<p>O canto do can\u00e1rio-belga \u00e9 poesia para os ouvidos. A ave \u00e9 conhecida por gostar [&hellip;]<\/p>\n","protected":false},"author":24,"featured_media":2474909,"comment_status":"open","ping_status":"closed","sticky":false,"template":"","format":"standard","meta":{"_acf_changed":false,"footnotes":""},"categories":[389],"tags":[],"class_list":["post-2474908","post","type-post","status-publish","format-standard","has-post-thumbnail","hentry","category-aves"],"acf":[],"_links":{"self":[{"href":"https:\/\/www.petz.com.br\/blog\/wp-json\/wp\/v2\/posts\/2474908","targetHints":{"allow":["GET"]}}],"collection":[{"href":"https:\/\/www.petz.com.br\/blog\/wp-json\/wp\/v2\/posts"}],"about":[{"href":"https:\/\/www.petz.com.br\/blog\/wp-json\/wp\/v2\/types\/post"}],"author":[{"embeddable":true,"href":"https:\/\/www.petz.com.br\/blog\/wp-json\/wp\/v2\/users\/24"}],"replies":[{"embeddable":true,"href":"https:\/\/www.petz.com.br\/blog\/wp-json\/wp\/v2\/comments?post=2474908"}],"version-history":[{"count":0,"href":"https:\/\/www.petz.com.br\/blog\/wp-json\/wp\/v2\/posts\/2474908\/revisions"}],"wp:featuredmedia":[{"embeddable":true,"href":"https:\/\/www.petz.com.br\/blog\/wp-json\/wp\/v2\/media\/2474909"}],"wp:attachment":[{"href":"https:\/\/www.petz.com.br\/blog\/wp-json\/wp\/v2\/media?parent=2474908"}],"wp:term":[{"taxonomy":"category","embeddable":true,"href":"https:\/\/www.petz.com.br\/blog\/wp-json\/wp\/v2\/categories?post=2474908"},{"taxonomy":"post_tag","embeddable":true,"href":"https:\/\/www.petz.com.br\/blog\/wp-json\/wp\/v2\/tags?post=2474908"}],"curies":[{"name":"wp","href":"https:\/\/api.w.org\/{rel}","templated":true}]}}